{"id":1218,"date":"2026-03-24T16:04:08","date_gmt":"2026-03-24T19:04:08","guid":{"rendered":"https:\/\/www.nuteds.ufc.br\/?p=1218"},"modified":"2026-03-24T16:06:53","modified_gmt":"2026-03-24T19:06:53","slug":"data-magna-nuteds-informa-que-nao-havera-expediente-no-dia-25-de-marco","status":"publish","type":"post","link":"https:\/\/www.nuteds.ufc.br\/index.php\/2026\/03\/24\/data-magna-nuteds-informa-que-nao-havera-expediente-no-dia-25-de-marco\/","title":{"rendered":"Data Magna: Nuteds informa que n\u00e3o haver\u00e1 expediente no dia 25 de mar\u00e7o"},"content":{"rendered":"\n<p>O N\u00facleo de Tecnologias e Educa\u00e7\u00e3o a Dist\u00e2ncia em Sa\u00fade da Faculdade de Medicina da Universidade Federal do Cear\u00e1 (Nuteds\/Famed\/UFC) informa que, devido ao feriado da Data Magna, comemorado no dia 25 de mar\u00e7o, n\u00e3o haver\u00e1 expediente! Retornaremos na quinta-feira, dia 26 de mar\u00e7o, a partir das 8h!<\/p>\n\n\n\n<p>A Data Magna do Cear\u00e1 marca um dos momentos mais importantes da hist\u00f3ria do estado: a aboli\u00e7\u00e3o da escravid\u00e3o, ocorrida em 1884, quatro anos antes da Lei \u00c1urea no Brasil. Nesse dia, o estado tornou-se a primeira prov\u00edncia brasileira a libertar oficialmente todas as pessoas escravizadas, conquistando o t\u00edtulo de \u201cTerra da Luz\u201d.<\/p>\n\n\n\n<p>A data simboliza a luta por liberdade, justi\u00e7a social e igualdade, sendo resultado do engajamento de movimentos abolicionistas, intelectuais e da pr\u00f3pria popula\u00e7\u00e3o cearense. Entre os destaques desse processo hist\u00f3rico est\u00e3o iniciativas como a atua\u00e7\u00e3o de jangadeiros e l\u00edderes locais que se recusaram a transportar pessoas escravizadas, fortalecendo a causa abolicionista.<\/p>\n\n\n\n<p>Mais do que uma celebra\u00e7\u00e3o, a Data Magna \u00e9 um marco de consci\u00eancia hist\u00f3rica e de valoriza\u00e7\u00e3o dos direitos humanos no Cear\u00e1.<\/p>\n","protected":false},"excerpt":{"rendered":"<p>&hellip;<\/p>\n<p> <a class=\"more-link\" href=\"https:\/\/www.nuteds.ufc.br\/index.php\/2026\/03\/24\/data-magna-nuteds-informa-que-nao-havera-expediente-no-dia-25-de-marco\/\">Leia mais<\/a><\/p>\n","protected":false},"author":1,"featured_media":0,"comment_status":"open","ping_status":"open","sticky":false,"template":"","format":"standard","meta":{"footnotes":""},"categories":[1],"tags":[],"class_list":{"0":"post-1218","1":"post","2":"type-post","3":"status-publish","4":"format-standard","6":"category-sem-categoria"},"_links":{"self":[{"href":"https:\/\/www.nuteds.ufc.br\/index.php\/wp-json\/wp\/v2\/posts\/1218","targetHints":{"allow":["GET"]}}],"collection":[{"href":"https:\/\/www.nuteds.ufc.br\/index.php\/wp-json\/wp\/v2\/posts"}],"about":[{"href":"https:\/\/www.nuteds.ufc.br\/index.php\/wp-json\/wp\/v2\/types\/post"}],"author":[{"embeddable":true,"href":"https:\/\/www.nuteds.ufc.br\/index.php\/wp-json\/wp\/v2\/users\/1"}],"replies":[{"embeddable":true,"href":"https:\/\/www.nuteds.ufc.br\/index.php\/wp-json\/wp\/v2\/comments?post=1218"}],"version-history":[{"count":2,"href":"https:\/\/www.nuteds.ufc.br\/index.php\/wp-json\/wp\/v2\/posts\/1218\/revisions"}],"predecessor-version":[{"id":1220,"href":"https:\/\/www.nuteds.ufc.br\/index.php\/wp-json\/wp\/v2\/posts\/1218\/revisions\/1220"}],"wp:attachment":[{"href":"https:\/\/www.nuteds.ufc.br\/index.php\/wp-json\/wp\/v2\/media?parent=1218"}],"wp:term":[{"taxonomy":"category","embeddable":true,"href":"https:\/\/www.nuteds.ufc.br\/index.php\/wp-json\/wp\/v2\/categories?post=1218"},{"taxonomy":"post_tag","embeddable":true,"href":"https:\/\/www.nuteds.ufc.br\/index.php\/wp-json\/wp\/v2\/tags?post=1218"}],"curies":[{"name":"wp","href":"https:\/\/api.w.org\/{rel}","templated":true}]}}