{"id":1227,"date":"2026-04-02T13:51:08","date_gmt":"2026-04-02T16:51:08","guid":{"rendered":"https:\/\/www.nuteds.ufc.br\/?p=1227"},"modified":"2026-04-02T13:51:09","modified_gmt":"2026-04-02T16:51:09","slug":"devido-a-semana-santa-podcasts-inovacoes-e-tecnologias-em-saude-e-jaesdcast-serao-exibidos-na-proxima-semana","status":"publish","type":"post","link":"https:\/\/www.nuteds.ufc.br\/index.php\/2026\/04\/02\/devido-a-semana-santa-podcasts-inovacoes-e-tecnologias-em-saude-e-jaesdcast-serao-exibidos-na-proxima-semana\/","title":{"rendered":"Devido \u00e0 Semana Santa, podcasts &#8220;Inova\u00e7\u00f5es e Tecnologias em Sa\u00fade&#8221; e &#8220;JaesdCast&#8221; ser\u00e3o exibidos na pr\u00f3xima semana"},"content":{"rendered":"\n<p>O N\u00facleo de Tecnologias e Educa\u00e7\u00e3o a Dist\u00e2ncia em Sa\u00fade da Faculdade de Medicina da Universidade Federal do Cear\u00e1 (Nuteds\/Famed\/UFC) informa que, devido Semana Santa, quinta (2) e sexta (3), n\u00e3o exibiremos, nos respectivos dias, os podcasts &#8220;Inova\u00e7\u00f5es e Tecnologias em Sa\u00fade&#8221;, apresentado pelo professor Wellington Aguiar, e &#8220;JaesdCast, com a participa\u00e7\u00e3o dos proponentes dos resumos premiados na VI Jornada Acad\u00eamica de Educa\u00e7\u00e3o em Sa\u00fade Digital (JAESD). <strong>Os referidos epis\u00f3dios ser\u00e3o veiculados nos pr\u00f3ximos dias 6 e 9 de abril, \u00e0s 17h, na R\u00e1dio Nuteds.<\/strong> <\/p>\n\n\n\n<p>O quarto e \u00faltimo epis\u00f3dio do JaesdCast est\u00e1 imperd\u00edvel, pois vai trazer uma pesquisa que pode salvar a vida de muita gente. Os estudantes universit\u00e1rios Rodrigo Lima e Levi Mota estar\u00e3o acompanhados do professor Wellington Aguiar, da Faculdade Inbec, para conversar conosco sobre o &#8220;Uso da Intelig\u00eancia Artificial para a predi\u00e7\u00e3o e clusteriza\u00e7\u00e3o de casos de afogamentos em Fortaleza-CE&#8221;.<\/p>\n\n\n\n<p>Eles v\u00e3o explicar como surgiu a ideia da pesquisa, como ela foi realizada e quais as expectativas para que ela seja amplamente divulgada e colocada em pr\u00e1tica! Os idealizadores v\u00e3o contar todos os detalhes que pretendem beneficiar toda a popula\u00e7\u00e3o, n\u00e3o apenas do Cear\u00e1!<\/p>\n\n\n\n<p>Ent\u00e3o, anote a\u00ed na sua agenda esses nossos dois encontros: segunda-feira, dia 6 de abril, e quinta-feira, dia 9 de abril, sempre a partir das 17h, na R\u00e1dio Nuteds!<\/p>\n\n\n\n<p><\/p>\n","protected":false},"excerpt":{"rendered":"<p>&hellip;<\/p>\n<p> <a class=\"more-link\" href=\"https:\/\/www.nuteds.ufc.br\/index.php\/2026\/04\/02\/devido-a-semana-santa-podcasts-inovacoes-e-tecnologias-em-saude-e-jaesdcast-serao-exibidos-na-proxima-semana\/\">Leia mais<\/a><\/p>\n","protected":false},"author":1,"featured_media":0,"comment_status":"open","ping_status":"open","sticky":false,"template":"","format":"standard","meta":{"footnotes":""},"categories":[1],"tags":[],"class_list":{"0":"post-1227","1":"post","2":"type-post","3":"status-publish","4":"format-standard","6":"category-sem-categoria"},"_links":{"self":[{"href":"https:\/\/www.nuteds.ufc.br\/index.php\/wp-json\/wp\/v2\/posts\/1227","targetHints":{"allow":["GET"]}}],"collection":[{"href":"https:\/\/www.nuteds.ufc.br\/index.php\/wp-json\/wp\/v2\/posts"}],"about":[{"href":"https:\/\/www.nuteds.ufc.br\/index.php\/wp-json\/wp\/v2\/types\/post"}],"author":[{"embeddable":true,"href":"https:\/\/www.nuteds.ufc.br\/index.php\/wp-json\/wp\/v2\/users\/1"}],"replies":[{"embeddable":true,"href":"https:\/\/www.nuteds.ufc.br\/index.php\/wp-json\/wp\/v2\/comments?post=1227"}],"version-history":[{"count":1,"href":"https:\/\/www.nuteds.ufc.br\/index.php\/wp-json\/wp\/v2\/posts\/1227\/revisions"}],"predecessor-version":[{"id":1228,"href":"https:\/\/www.nuteds.ufc.br\/index.php\/wp-json\/wp\/v2\/posts\/1227\/revisions\/1228"}],"wp:attachment":[{"href":"https:\/\/www.nuteds.ufc.br\/index.php\/wp-json\/wp\/v2\/media?parent=1227"}],"wp:term":[{"taxonomy":"category","embeddable":true,"href":"https:\/\/www.nuteds.ufc.br\/index.php\/wp-json\/wp\/v2\/categories?post=1227"},{"taxonomy":"post_tag","embeddable":true,"href":"https:\/\/www.nuteds.ufc.br\/index.php\/wp-json\/wp\/v2\/tags?post=1227"}],"curies":[{"name":"wp","href":"https:\/\/api.w.org\/{rel}","templated":true}]}}