{"id":1234,"date":"2026-04-10T15:32:53","date_gmt":"2026-04-10T18:32:53","guid":{"rendered":"https:\/\/www.nuteds.ufc.br\/?p=1234"},"modified":"2026-04-10T15:34:08","modified_gmt":"2026-04-10T18:34:08","slug":"nuteds-informa-que-nao-havera-expediente-na-proxima-segunda-13-devido-ao-feriado-municipal-do-tricentenario-de-fortaleza","status":"publish","type":"post","link":"https:\/\/www.nuteds.ufc.br\/index.php\/2026\/04\/10\/nuteds-informa-que-nao-havera-expediente-na-proxima-segunda-13-devido-ao-feriado-municipal-do-tricentenario-de-fortaleza\/","title":{"rendered":"Nuteds informa que n\u00e3o haver\u00e1 expediente na pr\u00f3xima segunda (13) devido ao feriado municipal do tricenten\u00e1rio de Fortaleza"},"content":{"rendered":"\n<p>O N\u00facleo de Tecnologias e Educa\u00e7\u00e3o a Dist\u00e2ncia em Sa\u00fade da Faculdade de Medicina da Universidade Federal do Cear\u00e1 (NUTEDS\/FAMED\/UFC), coordenado pelo professor e m\u00e9dico Luiz Roberto de Oliveira, informa que na pr\u00f3xima segunda-feira, dia 13 de abril, n\u00e3o haver\u00e1 expediente no Nuteds, devido&nbsp;\u00e0s&nbsp;comemora\u00e7\u00f5es dos 300 anos de funda\u00e7\u00e3o da capital cearense. As atividades retornam normalmente no dia seguinte, ter\u00e7a-feira (14), a partir das 8h!<\/p>\n\n\n\n<p>A altera\u00e7\u00e3o no\u00a0<a href=\"https:\/\/www.ufc.br\/calendario-universitario\/2026\" target=\"_blank\" rel=\"noreferrer noopener\"><strong>Calend\u00e1rio Universit\u00e1rio 2026<\/strong><\/a>\u00a0foi divulgada pela institui\u00e7\u00e3o na quinta-feira, 9 de abril, por meio da\u00a0<strong><a href=\"https:\/\/www.ufc.br\/images\/_files\/noticias\/2026\/SEI_6284961_Resolucao_Conselhos_Comites_Ad_referendum_n__03_CEPE__08_de_abril_de_2026.pdf\" target=\"_blank\" rel=\"noreferrer noopener\">Resolu\u00e7\u00e3o\u00a0<em>Ad Referendum<\/em>\u00a0n\u00b0 3\/2026 do Conselho de Ensino, Pesquisa e Extens\u00e3o (Cepe)<\/a>.<\/strong> A medida que alterou o\u00a0<a href=\"https:\/\/www.ufc.br\/images\/_files\/a_universidade\/cepe\/resolucao_cepe_2025\/resolucao13_cepe_2025.pdf\" target=\"_blank\" rel=\"noreferrer noopener\"><strong>Quadro I da Resolu\u00e7\u00e3o n\u00b0 13\/2025\/Cepe<\/strong>,<\/a>\u00a0relativo aos cursos de gradua\u00e7\u00e3o e p\u00f3s-gradua\u00e7\u00e3o,\u00a0foi tomada em conson\u00e2ncia com a <a href=\"https:\/\/prograd.ufc.br\/wp-content\/uploads\/2026\/04\/l01852026.pdf\" target=\"_blank\" rel=\"noreferrer noopener\">Lei n\u00ba 185\/2026<\/a>, aprovada nesta semana pela<a href=\"https:\/\/www.cmfor.ce.gov.br\/comunicacao\/noticias\/fortaleza-tera-feriado-especial-de-300-anos-em-2026-entenda-o-que-muda\" target=\"_blank\" rel=\"noreferrer noopener\">\u00a0<strong>C\u00e2mara Municipal de Fortaleza<\/strong><\/a>.<\/p>\n\n\n\n<p>De acordo com o texto da Lei, a institui\u00e7\u00e3o do&nbsp;<strong>feriado municipal \u00e9 em car\u00e1ter especial, v\u00e1lido apenas neste ano<\/strong>,&nbsp;<strong>em virtude do tricenten\u00e1rio,<\/strong>&nbsp;para garantir \u201cque toda a popula\u00e7\u00e3o, incluindo os trabalhadores do setor privado, possa participar ativamente das festividades, eventos c\u00edvicos e culturais organizados para celebrar este marco hist\u00f3rico.\u201d<\/p>\n\n\n\n<p>A cidade contar\u00e1 com diversos eventos organizados pela Prefeitura Municipal de Fortaleza, a partir desta sexta (10), seguindo at\u00e9 o 13 de abril. Os eventos incluem desde entregas de equipamentos p\u00fablicos e inaugura\u00e7\u00f5es at\u00e9 apresenta\u00e7\u00f5es musicais em pontos espec\u00edficos da cidade.<\/p>\n\n\n\n<p>Fonte: <em>Divis\u00e3o de Apoio aos Conselhos Superiores (DACS) \u2013 e-mail:&nbsp;<a href=\"mailto:conselhos@ufc.br\">conselhos@ufc.br<\/a><\/em><\/p>\n\n\n\n<p><\/p>\n","protected":false},"excerpt":{"rendered":"<p>&hellip;<\/p>\n<p> <a class=\"more-link\" href=\"https:\/\/www.nuteds.ufc.br\/index.php\/2026\/04\/10\/nuteds-informa-que-nao-havera-expediente-na-proxima-segunda-13-devido-ao-feriado-municipal-do-tricentenario-de-fortaleza\/\">Leia mais<\/a><\/p>\n","protected":false},"author":1,"featured_media":0,"comment_status":"open","ping_status":"open","sticky":false,"template":"","format":"standard","meta":{"footnotes":""},"categories":[1],"tags":[],"class_list":{"0":"post-1234","1":"post","2":"type-post","3":"status-publish","4":"format-standard","6":"category-sem-categoria"},"_links":{"self":[{"href":"https:\/\/www.nuteds.ufc.br\/index.php\/wp-json\/wp\/v2\/posts\/1234","targetHints":{"allow":["GET"]}}],"collection":[{"href":"https:\/\/www.nuteds.ufc.br\/index.php\/wp-json\/wp\/v2\/posts"}],"about":[{"href":"https:\/\/www.nuteds.ufc.br\/index.php\/wp-json\/wp\/v2\/types\/post"}],"author":[{"embeddable":true,"href":"https:\/\/www.nuteds.ufc.br\/index.php\/wp-json\/wp\/v2\/users\/1"}],"replies":[{"embeddable":true,"href":"https:\/\/www.nuteds.ufc.br\/index.php\/wp-json\/wp\/v2\/comments?post=1234"}],"version-history":[{"count":2,"href":"https:\/\/www.nuteds.ufc.br\/index.php\/wp-json\/wp\/v2\/posts\/1234\/revisions"}],"predecessor-version":[{"id":1236,"href":"https:\/\/www.nuteds.ufc.br\/index.php\/wp-json\/wp\/v2\/posts\/1234\/revisions\/1236"}],"wp:attachment":[{"href":"https:\/\/www.nuteds.ufc.br\/index.php\/wp-json\/wp\/v2\/media?parent=1234"}],"wp:term":[{"taxonomy":"category","embeddable":true,"href":"https:\/\/www.nuteds.ufc.br\/index.php\/wp-json\/wp\/v2\/categories?post=1234"},{"taxonomy":"post_tag","embeddable":true,"href":"https:\/\/www.nuteds.ufc.br\/index.php\/wp-json\/wp\/v2\/tags?post=1234"}],"curies":[{"name":"wp","href":"https:\/\/api.w.org\/{rel}","templated":true}]}}