{"id":1237,"date":"2026-04-17T14:26:15","date_gmt":"2026-04-17T17:26:15","guid":{"rendered":"https:\/\/www.nuteds.ufc.br\/?p=1237"},"modified":"2026-04-17T14:29:10","modified_gmt":"2026-04-17T17:29:10","slug":"nuteds-informa-que-devido-ao-feriado-nacional-do-dia-de-tiradentes-21-tambem-nao-havera-expediente-na-segunda-feira-20","status":"publish","type":"post","link":"https:\/\/www.nuteds.ufc.br\/index.php\/2026\/04\/17\/nuteds-informa-que-devido-ao-feriado-nacional-do-dia-de-tiradentes-21-tambem-nao-havera-expediente-na-segunda-feira-20\/","title":{"rendered":"Nuteds informa que, devido ao feriado nacional do Dia de Tiradentes (21), tamb\u00e9m n\u00e3o haver\u00e1 expediente na segunda-feira (20)"},"content":{"rendered":"\n<p>O N\u00facleo de Tecnologias e Educa\u00e7\u00e3o a Dist\u00e2ncia em Sa\u00fade da Faculdade de Medicina da Universidade Federal do Cear\u00e1 (NUTEDS\/FAMED\/UFC) informa aos estudantes, professores e parceiros, que nos pr\u00f3ximos dias 20 e 21 de abril, devido ao feriado do Dia de Tiradentes, celebrado na ter\u00e7a-feira (21), n\u00e3o haver\u00e1 expediente! As atividades retornam normalmente na quarta-feira (22), a partir das 8h!<\/p>\n\n\n\n<p>Informamos ainda que n\u00e3o haver\u00e1 agendamento nesses dois dias e nem defesas de Trabalhos de Conclus\u00e3o de Curso (TCC) dos concluintes da especializa\u00e7\u00e3o em Medicina de Fam\u00edlia e Comunidade, do Programa Mais M\u00e9dicos (PMM).<\/p>\n\n\n\n<p>Tamb\u00e9m n\u00e3o haver\u00e1 exibi\u00e7\u00e3o do podcast &#8220;Al\u00e9m do Diagn\u00f3stico: desafios na \u00c9tica e no Direito M\u00e9dico\u201d, apresentado pelo professor, m\u00e9dico e advogado Renato Evando. O pr\u00f3ximo epis\u00f3dio ser\u00e1 veiculado na R\u00e1dio Nuteds no dia 28 de abril.<\/p>\n\n\n\n<p>Desejamos a todos um bom feriado, um bom descanso e um excelente retorno \u00e0s atividades na quarta-feira (22)!<\/p>\n","protected":false},"excerpt":{"rendered":"<p>&hellip;<\/p>\n<p> <a class=\"more-link\" href=\"https:\/\/www.nuteds.ufc.br\/index.php\/2026\/04\/17\/nuteds-informa-que-devido-ao-feriado-nacional-do-dia-de-tiradentes-21-tambem-nao-havera-expediente-na-segunda-feira-20\/\">Leia mais<\/a><\/p>\n","protected":false},"author":1,"featured_media":0,"comment_status":"open","ping_status":"open","sticky":false,"template":"","format":"standard","meta":{"footnotes":""},"categories":[1],"tags":[],"class_list":{"0":"post-1237","1":"post","2":"type-post","3":"status-publish","4":"format-standard","6":"category-sem-categoria"},"_links":{"self":[{"href":"https:\/\/www.nuteds.ufc.br\/index.php\/wp-json\/wp\/v2\/posts\/1237","targetHints":{"allow":["GET"]}}],"collection":[{"href":"https:\/\/www.nuteds.ufc.br\/index.php\/wp-json\/wp\/v2\/posts"}],"about":[{"href":"https:\/\/www.nuteds.ufc.br\/index.php\/wp-json\/wp\/v2\/types\/post"}],"author":[{"embeddable":true,"href":"https:\/\/www.nuteds.ufc.br\/index.php\/wp-json\/wp\/v2\/users\/1"}],"replies":[{"embeddable":true,"href":"https:\/\/www.nuteds.ufc.br\/index.php\/wp-json\/wp\/v2\/comments?post=1237"}],"version-history":[{"count":3,"href":"https:\/\/www.nuteds.ufc.br\/index.php\/wp-json\/wp\/v2\/posts\/1237\/revisions"}],"predecessor-version":[{"id":1240,"href":"https:\/\/www.nuteds.ufc.br\/index.php\/wp-json\/wp\/v2\/posts\/1237\/revisions\/1240"}],"wp:attachment":[{"href":"https:\/\/www.nuteds.ufc.br\/index.php\/wp-json\/wp\/v2\/media?parent=1237"}],"wp:term":[{"taxonomy":"category","embeddable":true,"href":"https:\/\/www.nuteds.ufc.br\/index.php\/wp-json\/wp\/v2\/categories?post=1237"},{"taxonomy":"post_tag","embeddable":true,"href":"https:\/\/www.nuteds.ufc.br\/index.php\/wp-json\/wp\/v2\/tags?post=1237"}],"curies":[{"name":"wp","href":"https:\/\/api.w.org\/{rel}","templated":true}]}}