{"id":1242,"date":"2026-04-22T17:16:53","date_gmt":"2026-04-22T20:16:53","guid":{"rendered":"https:\/\/www.nuteds.ufc.br\/?p=1242"},"modified":"2026-04-22T17:45:37","modified_gmt":"2026-04-22T20:45:37","slug":"equipe-do-nuteds-recebe-profissionais-do-ministerio-da-saude-e-de-instituicoes-internacionais-parceiras-para-nova-oferta-de-curso","status":"publish","type":"post","link":"https:\/\/www.nuteds.ufc.br\/index.php\/2026\/04\/22\/equipe-do-nuteds-recebe-profissionais-do-ministerio-da-saude-e-de-instituicoes-internacionais-parceiras-para-nova-oferta-de-curso\/","title":{"rendered":"Equipe do Nuteds recebe profissionais do Minist\u00e9rio da Sa\u00fade e de institui\u00e7\u00f5es internacionais parceiras para nova oferta de curso"},"content":{"rendered":"\n<p><em>As equipes estar\u00e3o juntas nos dias 22, 23 e 24 de abril para alinhamento das necessidades para uma avalia\u00e7\u00e3o do curso EaD de Vigil\u00e2ncia da Covid-19, Influenza e Outros V\u00edrus Respirat\u00f3rios<\/em><\/p>\n\n\n\n<p>O N\u00facleo de Tecnologias e Educa\u00e7\u00e3o a Dist\u00e2ncia em Sa\u00fade da Faculdade de Medicina da Universidade Federal do Cear\u00e1 (Nuteds\/Famed\/UFC) e o Minist\u00e9rio da Sa\u00fade (MS), por meio da Coordenadoria Geral da Covid-19, Influenza e Outros V\u00edrus Respirat\u00f3rios do Departamento de Doen\u00e7as Transmiss\u00edveis da Secretaria de Vigil\u00e2ncia em Sa\u00fade (CGCOVID\/DEDT\/SVSA), re\u00fanem-se durante os dias 22, 23 e 24 de abril, em Fortaleza. O objetivo do encontro \u00e9 avaliar a edi\u00e7\u00e3o passada, discutir as necessidades para a pr\u00f3xima oferta do curso e a formaliza\u00e7\u00e3o da parceria com as institui\u00e7\u00f5es. Desta vez, al\u00e9m do apoio dos Centros de Controle e Preven\u00e7\u00e3o de Doen\u00e7as dos Estados Unidos (Centers for Disease Control and Prevention &#8211; CDC\/Atlanta-EUA) e a Rede de Programas de Treinamento em Epidemiologia e Interven\u00e7\u00f5es de Sa\u00fade P\u00fablica (TEPHINET), ambas sediadas em Atlanta, nos Estados Unidos, tamb\u00e9m contar\u00e1 com o apoio t\u00e9cnico da Universidade da Calif\u00f3rnia, localizada em S\u00e3o Francisco (UCSF\/EUA).<\/p>\n\n\n\n<p>O encontro teve in\u00edcio com a apresenta\u00e7\u00e3o de todos os participantes do projeto. Ao longo do primeiro dia, as equipes apresentaram \u00e0 representante da nova parceira, Solange Madriz Silva, coordenadora de Curso no Centro de Prepara\u00e7\u00e3o e Resposta a Epidemias, do Instituto de Ci\u00eancias da Sa\u00fade Global, na UCSF, os processos e fluxos da vigil\u00e2ncia de v\u00edrus respirat\u00f3rios realizados no Brasil e os resultados da capacita\u00e7\u00e3o, que contribu\u00edram no conhecimento dos profissionais de sa\u00fade, que participaram do curso, para qualificar seu atendimento \u00e0 popula\u00e7\u00e3o.<\/p>\n\n\n\n<p>Tamb\u00e9m ser\u00e1 discutido uma poss\u00edvel nova edi\u00e7\u00e3o do curso, que como nos anos anteriores ser\u00e1 disponibilizada na plataforma online da Universidade Aberta do Sistema \u00danico de Sa\u00fade (UNA-SUS). A expectativa \u00e9 de que at\u00e9 sexta-feira (24) sejam tomadas todas as decis\u00f5es para a avalia\u00e7\u00e3o e a pr\u00f3xima oferta.<\/p>\n\n\n\n<p>Fonte: Assessoria de Comunica\u00e7\u00e3o e Marketing do Nuteds\/Famed\/UFC &#8211; e-mail: <a href=\"mailto:nuteds.comunica@nuteds.ufc.br\">nuteds.comunica@nuteds.ufc.br<\/a><\/p>\n","protected":false},"excerpt":{"rendered":"<p>&hellip;<\/p>\n<p> <a class=\"more-link\" href=\"https:\/\/www.nuteds.ufc.br\/index.php\/2026\/04\/22\/equipe-do-nuteds-recebe-profissionais-do-ministerio-da-saude-e-de-instituicoes-internacionais-parceiras-para-nova-oferta-de-curso\/\">Leia mais<\/a><\/p>\n","protected":false},"author":1,"featured_media":0,"comment_status":"open","ping_status":"open","sticky":false,"template":"","format":"standard","meta":{"footnotes":""},"categories":[1],"tags":[],"class_list":{"0":"post-1242","1":"post","2":"type-post","3":"status-publish","4":"format-standard","6":"category-sem-categoria"},"_links":{"self":[{"href":"https:\/\/www.nuteds.ufc.br\/index.php\/wp-json\/wp\/v2\/posts\/1242","targetHints":{"allow":["GET"]}}],"collection":[{"href":"https:\/\/www.nuteds.ufc.br\/index.php\/wp-json\/wp\/v2\/posts"}],"about":[{"href":"https:\/\/www.nuteds.ufc.br\/index.php\/wp-json\/wp\/v2\/types\/post"}],"author":[{"embeddable":true,"href":"https:\/\/www.nuteds.ufc.br\/index.php\/wp-json\/wp\/v2\/users\/1"}],"replies":[{"embeddable":true,"href":"https:\/\/www.nuteds.ufc.br\/index.php\/wp-json\/wp\/v2\/comments?post=1242"}],"version-history":[{"count":3,"href":"https:\/\/www.nuteds.ufc.br\/index.php\/wp-json\/wp\/v2\/posts\/1242\/revisions"}],"predecessor-version":[{"id":1245,"href":"https:\/\/www.nuteds.ufc.br\/index.php\/wp-json\/wp\/v2\/posts\/1242\/revisions\/1245"}],"wp:attachment":[{"href":"https:\/\/www.nuteds.ufc.br\/index.php\/wp-json\/wp\/v2\/media?parent=1242"}],"wp:term":[{"taxonomy":"category","embeddable":true,"href":"https:\/\/www.nuteds.ufc.br\/index.php\/wp-json\/wp\/v2\/categories?post=1242"},{"taxonomy":"post_tag","embeddable":true,"href":"https:\/\/www.nuteds.ufc.br\/index.php\/wp-json\/wp\/v2\/tags?post=1242"}],"curies":[{"name":"wp","href":"https:\/\/api.w.org\/{rel}","templated":true}]}}