{"id":1249,"date":"2026-04-29T17:41:30","date_gmt":"2026-04-29T20:41:30","guid":{"rendered":"https:\/\/www.nuteds.ufc.br\/?p=1249"},"modified":"2026-04-29T21:56:05","modified_gmt":"2026-04-30T00:56:05","slug":"nuteds-famed-e-um-dos-apoiadores-do-viii-sinforgeds-evento-promovido-pela-ufc-de-26-a-29-de-maio","status":"publish","type":"post","link":"https:\/\/www.nuteds.ufc.br\/index.php\/2026\/04\/29\/nuteds-famed-e-um-dos-apoiadores-do-viii-sinforgeds-evento-promovido-pela-ufc-de-26-a-29-de-maio\/","title":{"rendered":"Nuteds \u00e9 um dos apoiadores do VIII Sinforgeds, evento promovido pela UFC de 26 a 29 de maio"},"content":{"rendered":"\n<p><\/p>\n\n\n\n<p><em>A abertura do evento contar\u00e1 com a confer\u00eancia da professora Dra. Ana Estela Haddad, \u00e0s 18h30, no Audit\u00f3rio da Reitoria da UFC<\/em><\/p>\n\n\n\n<p>O N\u00facleo de Tecnologias e Educa\u00e7\u00e3o a Dist\u00e2ncia em Sa\u00fade da Faculdade de Medicina da Universidade Federal do Cear\u00e1 (Nuteds\/Famed\/UFC) \u00e9 um dos apoiadores da realiza\u00e7\u00e3o do VIII Semin\u00e1rio Internacional de Informa\u00e7\u00e3o para a Sa\u00fade (SINFORGEDS), que ser\u00e1 realizado de 26 a 29 de maio deste ano. O evento \u00e9 promovido pelo Grupo de Pesquisa em Representa\u00e7\u00e3o da Informa\u00e7\u00e3o (GPRI-UFC), com o apoio da Associa\u00e7\u00e3o de Bibliotec\u00e1rios do Cear\u00e1 (ABC-CE), da Biblioteca Universit\u00e1ria da UFC e de outros grupos de pesquisa da institui\u00e7\u00e3o. A <a href=\"https:\/\/sinforgeds.ufc.br\/index.php\/sinforgeds\/index\/pages\/view\/programacao2026\"><strong>programa\u00e7\u00e3o completa<\/strong> <\/a>est\u00e1 dispon\u00edvel no site do evento, que \u00e9 destinado a profissionais da \u00e1rea da sa\u00fade, estudantes de gradua\u00e7\u00e3o e p\u00f3s-gradua\u00e7\u00e3o de todos os cursos da UFC e das demais institui\u00e7\u00f5es de ensino superior (IES). Os interessados devem se inscrever preenchendo o <a href=\"https:\/\/docs.google.com\/forms\/d\/e\/1FAIpQLSdSK5T8HJBAMH1S0VBb9iwfu_nkDMBqlYssD_TYULKIBS8t_A\/viewform\"><strong>formul\u00e1rio eletr\u00f4nico<\/strong><\/a>.&nbsp;<\/p>\n\n\n\n<p>Com o tema \u201cInforma\u00e7\u00e3o para sa\u00fade, representa\u00e7\u00e3o, organiza\u00e7\u00e3o, gest\u00e3o da informa\u00e7\u00e3o, intelig\u00eancia artificial, desinforma\u00e7\u00e3o, diplom\u00e1tica arquiv\u00edstica e divulga\u00e7\u00e3o cient\u00edfica no contexto da sa\u00fade, bem-estar e igualdade de g\u00eanero\u201d, essa edi\u00e7\u00e3o pretende refletir em torno do contexto das chamadas \u201chumanidades digitais\u201d, pois entende-se que nenhum campo de conhecimento est\u00e1 exclu\u00eddo delas.&nbsp;<\/p>\n\n\n\n<p>A confer\u00eancia de abertura, intitulada \u201cInforma\u00e7\u00e3o e sa\u00fade digital: integralidade e continuidade do cuidado visando o bem-estar da popula\u00e7\u00e3o\u201d, ser\u00e1 realizada \u00e0s 18h30, no audit\u00f3rio da Reitoria da UFC, e ser\u00e1 ministrada pela professora Dra. Ana Estela Haddad. Ela \u00e9 titular do curso de Ortodontia e Odontopediatria da Faculdade de Odontologia da Universidade de S\u00e3o Paulo (USP) e atual secret\u00e1ria de Informa\u00e7\u00e3o e Sa\u00fade Digital do Minist\u00e9rio da Sa\u00fade (SEIDIGI\/MS).<\/p>\n\n\n\n<p>A programa\u00e7\u00e3o do evento inclui ainda a realiza\u00e7\u00e3o de sete oficinas e quatro mesas-redondas ao longo dos tr\u00eas dias, dentre elas, a de \u201cTecnologias digitais, conte\u00fados sint\u00e9ticos, prote\u00e7\u00e3o de informa\u00e7\u00f5es registradas em prontu\u00e1rios e intelig\u00eancia artificial no contexto da sa\u00fade\u201d, que ser\u00e1 realizada na quinta-feira, dia 28, \u00e0s 14h30, e contar\u00e1 com a participa\u00e7\u00e3o do Dr. Luiz Roberto de Oliveira, professor titular do Departamento de Cirurgia da Famed\/UFC. Ele falar\u00e1 sobre \u201cEduca\u00e7\u00e3o em Sa\u00fade Digital\u201d.\u00a0 <\/p>\n\n\n\n<p>Na noite desse mesmo dia (28), \u00e0s 18h30, o p\u00fablico \u00e9 convidado a participar da confer\u00eancia de encerramento do VIII SINFORGEDS, intitulada \u201c\u00c9tica e representa\u00e7\u00e3o da informa\u00e7\u00e3o em contextos de documenta\u00e7\u00e3o sanit\u00e1ria\u201d, que ser\u00e1 ministrada pelo professor Dr. Jos\u00e9 Augusto Chaves Guimar\u00e3es, docente aposentado do Departamento de Ci\u00eancias da Informa\u00e7\u00e3o da Universidade Estadual Paulista (Unesp\/Mar\u00edlia).&nbsp;<\/p>\n\n\n\n<p>As submiss\u00f5es dos trabalhos foram realizadas de 10 de janeiro a 12 de abril de 2026, ap\u00f3s prorroga\u00e7\u00e3o. J\u00e1 as inscri\u00e7\u00f5es para o evento seguem abertas. Confira abaixo as informa\u00e7\u00f5es.&nbsp;<\/p>\n\n\n\n<p><strong>Servi\u00e7o:<\/strong><\/p>\n\n\n\n<p><strong>VIII <\/strong><strong>Semin\u00e1rio Internacional de Informa\u00e7\u00e3o para a Sa\u00fade (SINFORGEDS)<\/strong><\/p>\n\n\n\n<p><strong>Data<\/strong>: de 26 a 29 de maio de 2026<\/p>\n\n\n\n<p><strong>Local<\/strong>: audit\u00f3rio da Reitoria da Universidade Federal do Cear\u00e1<\/p>\n\n\n\n<p><strong>Inscri\u00e7\u00f5es<\/strong>: via preenchimento deste <a href=\"https:\/\/docs.google.com\/forms\/d\/e\/1FAIpQLSdSK5T8HJBAMH1S0VBb9iwfu_nkDMBqlYssD_TYULKIBS8t_A\/viewform\"><strong>formul\u00e1rio eletr\u00f4nico<\/strong><\/a>. Valores especiais para estudantes de gradua\u00e7\u00e3o e p\u00f3s-gradua\u00e7\u00e3o da UFC ou de qualquer Institui\u00e7\u00e3o de Ensino Superior (IES). O comprovante de pagamento deve ser enviado para o e-mail da Associa\u00e7\u00e3o de Bibliotec\u00e1rios do Cear\u00e1: <strong>abcceara@gmail.com<\/strong>&nbsp;<\/p>\n\n\n\n<p>Confira neste link a <a href=\"https:\/\/sinforgeds.ufc.br\/index.php\/sinforgeds\/index\/pages\/view\/programacao2026\"><strong>programa\u00e7\u00e3o completa<\/strong>\u00a0<\/a><\/p>\n\n\n\n<p>Fonte: <em>organiza\u00e7\u00e3o da VIII<strong>\u00a0<\/strong>Semin\u00e1rio Internacional de Informa\u00e7\u00e3o para a Sa\u00fade (SINFORGEDS)<\/em><\/p>\n\n\n\n<p><\/p>\n","protected":false},"excerpt":{"rendered":"<p>&hellip;<\/p>\n<p> <a class=\"more-link\" href=\"https:\/\/www.nuteds.ufc.br\/index.php\/2026\/04\/29\/nuteds-famed-e-um-dos-apoiadores-do-viii-sinforgeds-evento-promovido-pela-ufc-de-26-a-29-de-maio\/\">Leia mais<\/a><\/p>\n","protected":false},"author":1,"featured_media":0,"comment_status":"open","ping_status":"open","sticky":false,"template":"","format":"standard","meta":{"footnotes":""},"categories":[1],"tags":[],"class_list":{"0":"post-1249","1":"post","2":"type-post","3":"status-publish","4":"format-standard","6":"category-sem-categoria"},"_links":{"self":[{"href":"https:\/\/www.nuteds.ufc.br\/index.php\/wp-json\/wp\/v2\/posts\/1249","targetHints":{"allow":["GET"]}}],"collection":[{"href":"https:\/\/www.nuteds.ufc.br\/index.php\/wp-json\/wp\/v2\/posts"}],"about":[{"href":"https:\/\/www.nuteds.ufc.br\/index.php\/wp-json\/wp\/v2\/types\/post"}],"author":[{"embeddable":true,"href":"https:\/\/www.nuteds.ufc.br\/index.php\/wp-json\/wp\/v2\/users\/1"}],"replies":[{"embeddable":true,"href":"https:\/\/www.nuteds.ufc.br\/index.php\/wp-json\/wp\/v2\/comments?post=1249"}],"version-history":[{"count":6,"href":"https:\/\/www.nuteds.ufc.br\/index.php\/wp-json\/wp\/v2\/posts\/1249\/revisions"}],"predecessor-version":[{"id":1259,"href":"https:\/\/www.nuteds.ufc.br\/index.php\/wp-json\/wp\/v2\/posts\/1249\/revisions\/1259"}],"wp:attachment":[{"href":"https:\/\/www.nuteds.ufc.br\/index.php\/wp-json\/wp\/v2\/media?parent=1249"}],"wp:term":[{"taxonomy":"category","embeddable":true,"href":"https:\/\/www.nuteds.ufc.br\/index.php\/wp-json\/wp\/v2\/categories?post=1249"},{"taxonomy":"post_tag","embeddable":true,"href":"https:\/\/www.nuteds.ufc.br\/index.php\/wp-json\/wp\/v2\/tags?post=1249"}],"curies":[{"name":"wp","href":"https:\/\/api.w.org\/{rel}","templated":true}]}}