{"id":1400,"date":"2026-08-18T17:02:09","date_gmt":"2026-08-18T20:02:09","guid":{"rendered":"https:\/\/www.nuteds.ufc.br\/?p=1400"},"modified":"2026-08-18T17:02:10","modified_gmt":"2026-08-18T20:02:10","slug":"nuteds-divulga-formulario-eletronico-e-orientacoes-para-solicitacao-de-reserva-de-salas-do-nucleo","status":"publish","type":"post","link":"https:\/\/www.nuteds.ufc.br\/index.php\/2026\/08\/18\/nuteds-divulga-formulario-eletronico-e-orientacoes-para-solicitacao-de-reserva-de-salas-do-nucleo\/","title":{"rendered":"Nuteds divulga formul\u00e1rio eletr\u00f4nico e orienta\u00e7\u00f5es para solicita\u00e7\u00e3o de reserva de salas do N\u00facleo"},"content":{"rendered":"\n<p class=\"wp-block-paragraph\"><em>Podem reservar espa\u00e7os para reuni\u00f5es e oficinas, por exemplo, os docentes, discentes, t\u00e9cnicos administrativos e gestores de setores da UFC<\/em><\/p>\n\n\n\n<p class=\"wp-block-paragraph\">O N\u00facleo de Tecnologias e Educa\u00e7\u00e3o a Dist\u00e2ncia em Sa\u00fade da Faculdade de Medicina da Universidade Federal do Cear\u00e1 (Nuteds\/Famed\/UFC), coordenado pelo professor e m\u00e9dico Marco T\u00falio Aguiar, divulga, nesta segunda-feira (17), o formul\u00e1rio eletr\u00f4nico para agendamento de espa\u00e7os do equipamento, contendo todas as orienta\u00e7\u00f5es para a solicita\u00e7\u00e3o. O documento est\u00e1 dispon\u00edvel neste link: <a href=\"https:\/\/forms.gle\/D1d9Cqqo79GW2cHR6\">https:\/\/forms.gle\/D1d9Cqqo79GW2cHR6<\/a>.&nbsp;<\/p>\n\n\n\n<p class=\"wp-block-paragraph\">Os interessados podem solicitar espa\u00e7os para realiza\u00e7\u00e3o de bancas de defesas de mestrado e doutorado, oficinas, treinamentos, grava\u00e7\u00f5es no est\u00fadio de r\u00e1dio, reuni\u00f5es, dentre outros eventos.&nbsp;<\/p>\n\n\n\n<p class=\"wp-block-paragraph\">Para solicitar o agendamento, \u00e9 necess\u00e1rio preencher o formul\u00e1rio com os dados do solicitante e explica\u00e7\u00f5es sobre a atividade, data e hor\u00e1rio, a estimativa de participantes e demais necessidades t\u00e9cnicas e de log\u00edstica para o cumprimento da agenda. Com base nesse preenchimento, a equipe do N\u00facleo analisar\u00e1 o pedido e ir\u00e1 designar a sala mais adequada.&nbsp;<\/p>\n\n\n\n<p class=\"wp-block-paragraph\">Caso a solicita\u00e7\u00e3o n\u00e3o seja poss\u00edvel de ser atendida, devido \u00e0 data ou hor\u00e1rio, por exemplo, o solicitante ser\u00e1 informado da inviabilidade, com orienta\u00e7\u00f5es para uma poss\u00edvel adequa\u00e7\u00e3o e atendimento da solicita\u00e7\u00e3o.&nbsp;<\/p>\n\n\n\n<p class=\"wp-block-paragraph\">Fonte: <em>Assessoria de Comunica\u00e7\u00e3o e Marketing do N\u00facleo de Tecnologias e Educa\u00e7\u00e3o a Dist\u00e2ncia em Sa\u00fade da Faculdade de Medicina da Universidade Federal do Cear\u00e1 (Nuteds\/Famed\/UFC); e-mail: nuteds.comunica@nuteds.ufc.br<\/em><\/p>\n","protected":false},"excerpt":{"rendered":"<p>&hellip;<\/p>\n<p> <a class=\"more-link\" href=\"https:\/\/www.nuteds.ufc.br\/index.php\/2026\/08\/18\/nuteds-divulga-formulario-eletronico-e-orientacoes-para-solicitacao-de-reserva-de-salas-do-nucleo\/\">Leia mais<\/a><\/p>\n","protected":false},"author":1,"featured_media":0,"comment_status":"open","ping_status":"open","sticky":false,"template":"","format":"standard","meta":{"footnotes":""},"categories":[1],"tags":[],"class_list":["post-1400","post","type-post","status-publish","format-standard","category-sem-categoria"],"_links":{"self":[{"href":"https:\/\/www.nuteds.ufc.br\/index.php\/wp-json\/wp\/v2\/posts\/1400","targetHints":{"allow":["GET"]}}],"collection":[{"href":"https:\/\/www.nuteds.ufc.br\/index.php\/wp-json\/wp\/v2\/posts"}],"about":[{"href":"https:\/\/www.nuteds.ufc.br\/index.php\/wp-json\/wp\/v2\/types\/post"}],"author":[{"embeddable":true,"href":"https:\/\/www.nuteds.ufc.br\/index.php\/wp-json\/wp\/v2\/users\/1"}],"replies":[{"embeddable":true,"href":"https:\/\/www.nuteds.ufc.br\/index.php\/wp-json\/wp\/v2\/comments?post=1400"}],"version-history":[{"count":1,"href":"https:\/\/www.nuteds.ufc.br\/index.php\/wp-json\/wp\/v2\/posts\/1400\/revisions"}],"predecessor-version":[{"id":1401,"href":"https:\/\/www.nuteds.ufc.br\/index.php\/wp-json\/wp\/v2\/posts\/1400\/revisions\/1401"}],"wp:attachment":[{"href":"https:\/\/www.nuteds.ufc.br\/index.php\/wp-json\/wp\/v2\/media?parent=1400"}],"wp:term":[{"taxonomy":"category","embeddable":true,"href":"https:\/\/www.nuteds.ufc.br\/index.php\/wp-json\/wp\/v2\/categories?post=1400"},{"taxonomy":"post_tag","embeddable":true,"href":"https:\/\/www.nuteds.ufc.br\/index.php\/wp-json\/wp\/v2\/tags?post=1400"}],"curies":[{"name":"wp","href":"https:\/\/api.w.org\/{rel}","templated":true}]}}