{"id":1456,"date":"2026-09-04T15:25:27","date_gmt":"2026-09-04T18:25:27","guid":{"rendered":"https:\/\/www.nuteds.ufc.br\/?p=1456"},"modified":"2026-09-04T15:25:28","modified_gmt":"2026-09-04T18:25:28","slug":"nuteds-informa-que-nao-havera-expediente-no-dia-7-de-setembro-dia-da-independencia-do-brasil","status":"publish","type":"post","link":"https:\/\/www.nuteds.ufc.br\/index.php\/2026\/09\/04\/nuteds-informa-que-nao-havera-expediente-no-dia-7-de-setembro-dia-da-independencia-do-brasil\/","title":{"rendered":"Nuteds informa que n\u00e3o haver\u00e1 expediente no dia 7 de setembro, Dia da Independ\u00eancia do Brasil"},"content":{"rendered":"\n<p class=\"wp-block-paragraph\">O N\u00facleo de Tecnologias e Educa\u00e7\u00e3o a Dist\u00e2ncia em Sa\u00fade da Faculdade de Medicina da Universidade Federal do Cear\u00e1 (Nuteds\/Famed\/UFC) informa que nesta segunda-feira, dia 7 de setembro, devido ao feriado nacional, em que se comemora o Dia da Independ\u00eancia do Brasil, n\u00e3o haver\u00e1 expediente no \u00f3rg\u00e3o. Retornaremos com nossas atividades a partir das 8h de ter\u00e7a-feira, 8 de setembro. <\/p>\n\n\n\n<p class=\"wp-block-paragraph\">A data faz refer\u00eancia ao dia em que o pr\u00edncipe regente, Dom Pedro I, proferiu a m\u00e1xima &#8220;Independ\u00eancia ou Morte&#8221;, afirmando a necessidade do Brasil romper os la\u00e7os coloniais com Portugal, e concretizar a emancipa\u00e7\u00e3o pol\u00edtica. O fato ocorreu no dia 7 de setembro de 1822, \u00e0s margens do Riacho do Ipiranga, em S\u00e3o Paulo.<\/p>\n\n\n\n<p class=\"wp-block-paragraph\">Desejamos a todos os estudantes, professores, profissionais da sa\u00fade e a todos os colaboradores do N\u00facleo tenham um excelente feriado. Que possa ser um momento de descanso e de renovar as energias! <\/p>\n\n\n\n<p class=\"wp-block-paragraph\"><\/p>\n","protected":false},"excerpt":{"rendered":"<p>&hellip;<\/p>\n<p> <a class=\"more-link\" href=\"https:\/\/www.nuteds.ufc.br\/index.php\/2026\/09\/04\/nuteds-informa-que-nao-havera-expediente-no-dia-7-de-setembro-dia-da-independencia-do-brasil\/\">Leia mais<\/a><\/p>\n","protected":false},"author":1,"featured_media":0,"comment_status":"open","ping_status":"open","sticky":false,"template":"","format":"standard","meta":{"footnotes":""},"categories":[1],"tags":[],"class_list":["post-1456","post","type-post","status-publish","format-standard","category-sem-categoria"],"_links":{"self":[{"href":"https:\/\/www.nuteds.ufc.br\/index.php\/wp-json\/wp\/v2\/posts\/1456","targetHints":{"allow":["GET"]}}],"collection":[{"href":"https:\/\/www.nuteds.ufc.br\/index.php\/wp-json\/wp\/v2\/posts"}],"about":[{"href":"https:\/\/www.nuteds.ufc.br\/index.php\/wp-json\/wp\/v2\/types\/post"}],"author":[{"embeddable":true,"href":"https:\/\/www.nuteds.ufc.br\/index.php\/wp-json\/wp\/v2\/users\/1"}],"replies":[{"embeddable":true,"href":"https:\/\/www.nuteds.ufc.br\/index.php\/wp-json\/wp\/v2\/comments?post=1456"}],"version-history":[{"count":1,"href":"https:\/\/www.nuteds.ufc.br\/index.php\/wp-json\/wp\/v2\/posts\/1456\/revisions"}],"predecessor-version":[{"id":1457,"href":"https:\/\/www.nuteds.ufc.br\/index.php\/wp-json\/wp\/v2\/posts\/1456\/revisions\/1457"}],"wp:attachment":[{"href":"https:\/\/www.nuteds.ufc.br\/index.php\/wp-json\/wp\/v2\/media?parent=1456"}],"wp:term":[{"taxonomy":"category","embeddable":true,"href":"https:\/\/www.nuteds.ufc.br\/index.php\/wp-json\/wp\/v2\/categories?post=1456"},{"taxonomy":"post_tag","embeddable":true,"href":"https:\/\/www.nuteds.ufc.br\/index.php\/wp-json\/wp\/v2\/tags?post=1456"}],"curies":[{"name":"wp","href":"https:\/\/api.w.org\/{rel}","templated":true}]}}