{"id":884,"date":"2025-04-14T19:09:38","date_gmt":"2025-04-14T22:09:38","guid":{"rendered":"https:\/\/www.nuteds.ufc.br\/?p=884"},"modified":"2025-04-14T19:09:40","modified_gmt":"2025-04-14T22:09:40","slug":"prof-dr-luiz-roberto-de-oliveira-coordenador-do-nuteds-famed-ufc-sera-agraciado-com-a-medalha-dr-periguary-de-medeiros-no-proximo-dia-25-na-camara-municipal-de-fortaleza","status":"publish","type":"post","link":"https:\/\/www.nuteds.ufc.br\/index.php\/2025\/04\/14\/prof-dr-luiz-roberto-de-oliveira-coordenador-do-nuteds-famed-ufc-sera-agraciado-com-a-medalha-dr-periguary-de-medeiros-no-proximo-dia-25-na-camara-municipal-de-fortaleza\/","title":{"rendered":"Prof. Dr. Luiz Roberto de Oliveira, coordenador do Nuteds\/Famed\/UFC, ser\u00e1 agraciado com a Medalha Dr. Periguary de Medeiros, no pr\u00f3ximo dia 25, na C\u00e2mara Municipal de Fortaleza"},"content":{"rendered":"\n<p><\/p>\n\n\n\n<p><\/p>\n\n\n\n<p><em>A honraria \u00e9 entregue pelo reconhecimento ao seu relevante servi\u00e7o na \u00e1rea da Sa\u00fade, na luta por uma forma\u00e7\u00e3o acad\u00eamica em Medicina de qualidade e trabalhos ligados \u00e0 Sa\u00fade Digital<\/em><\/p>\n\n\n\n<p>No pr\u00f3ximo dia 25 de abril, \u00e0s 19h, no Plen\u00e1rio Fausto Arruda, da C\u00e2mara Municipal de Fortaleza, o m\u00e9dico-cirurgi\u00e3o de cabe\u00e7a e pesco\u00e7o, Prof. Dr. Luiz Roberto de Oliveira, coordenador do N\u00facleo de Tecnologias e Educa\u00e7\u00e3o a Dist\u00e2ncia em Sa\u00fade da Faculdade de Medicina da Universidade Federal do Cear\u00e1 (Nuteds\/Famed\/UFC), receber\u00e1 a Medalha Periguary de Medeiros, por meio do requerimento de autoria do vereador Paulo Martins (PDT). A comenda foi criada em 1998 e batizada em homenagem ao m\u00e9dico e obstetra fortalezense, que se destacou pelo exerc\u00edcio da medicina social na antiga Assist\u00eancia Municipal de Fortaleza.<\/p>\n\n\n\n<div class=\"wp-block-columns is-layout-flex wp-container-core-columns-is-layout-9d6595d7 wp-block-columns-is-layout-flex\">\n<div class=\"wp-block-column is-layout-flow wp-block-column-is-layout-flow\" style=\"flex-basis:100%\">\n<figure class=\"wp-block-image size-full\"><img fetchpriority=\"high\" decoding=\"async\" width=\"471\" height=\"598\" src=\"https:\/\/www.nuteds.ufc.br\/wp-content\/uploads\/2025\/04\/Medalha.jpeg\" alt=\"\" class=\"wp-image-885\" srcset=\"https:\/\/www.nuteds.ufc.br\/wp-content\/uploads\/2025\/04\/Medalha.jpeg 471w, https:\/\/www.nuteds.ufc.br\/wp-content\/uploads\/2025\/04\/Medalha-236x300.jpeg 236w\" sizes=\"(max-width: 471px) 100vw, 471px\" \/><\/figure>\n<\/div>\n<\/div>\n\n\n\n<p>Nascido em julho de 1951, em Baturit\u00e9, interior do Cear\u00e1, o Prof. Dr. Luiz Roberto de Oliveira tem uma longa trajet\u00f3ria de vida quando se fala em educa\u00e7\u00e3o e sa\u00fade, tendo um trabalho fundamental na implanta\u00e7\u00e3o da disciplina de Sa\u00fade Digital na grade curricular do Curso de Medicina da Faculdade de Medicina da UFC. Foi respons\u00e1vel ainda pela cria\u00e7\u00e3o do Servi\u00e7o de Cirurgia de Cabe\u00e7a e Pesco\u00e7o do Hospital Universit\u00e1rio Walter Cant\u00eddio e do hoje Programa de P\u00f3s-Gradua\u00e7\u00e3o em Ci\u00eancias M\u00e9dico-cir\u00fargicas do Departamento de Cirurgia do Curso de Medicina da Faculdade de Medicina da UFC. Ele tamb\u00e9m \u00e9 refer\u00eancia no Brasil quando se trata do uso de ferramentas digitais para o atendimento ao paciente, com a telemedicina\/telessa\u00fade, que viabiliza a\u00e7\u00f5es de teleconsulta, teleinterconsulta, teleorienta\u00e7\u00e3o, telediagn\u00f3stico, monitoramento remoto, facilitando o diagn\u00f3stico e o acompanhamento de diversas doen\u00e7as. Estes procedimentos facilitam a vida do paciente, garantindo um maior conforto e seguran\u00e7a, pois o paciente n\u00e3o precisa correr riscos com o deslocamento, e otimiza\u00e7\u00e3o de tempo e redu\u00e7\u00e3o de custos, pois o atendimento \u00e9 mais c\u00e9lere, com menos gastos para o paciente e para o Estado.<\/p>\n\n\n\n<p>Seu interesse pela Medicina surgiu muito cedo, muito provavelmente devido \u00e0 atividade comercial dos pais, que eram do ramo de farm\u00e1cia. Depois, em 1970, por meio de vestibular, conquistou uma vaga no Curso de Medicina da Universidade Federal do Cear\u00e1 (UFC). Durante a gradua\u00e7\u00e3o, foi acad\u00eamico volunt\u00e1rio em duas das mais movimentadas enfermarias cir\u00fargicas da Santa Casa de Miseric\u00f3rdia de Fortaleza: a Enfermaria de Oncologia e a Enfermaria 2. Ap\u00f3s essas experi\u00eancias nessas unidades, sentiu a necessidade de se especializar em alguma \u00e1rea de grande car\u00eancia da popula\u00e7\u00e3o. Foi ent\u00e3o que optou pela especializa\u00e7\u00e3o no Instituto Nacional de C\u00e2ncer do Rio de Janeiro (INCa\/RJ) e tamb\u00e9m pela Pontif\u00edcia Universidade Cat\u00f3lica do Rio de Janeiro (PUC\/RJ). Finalizada essa especializa\u00e7\u00e3o no Programa de Resid\u00eancia M\u00e9dica do INCa-RJ\/Especializa\u00e7\u00e3o na PUC-RJ, decidiu fazer um Curso de Mestrado, realizado no Programa de Cirurgia Gastroenterol\u00f3gica da Universidade Federal Fluminense, por mais dois anos, per\u00edodo no qual tamb\u00e9m trabalhou como volunt\u00e1rio em plant\u00f5es semanais no Hospital do Andara\u00ed, do INSS, da cidade do Rio de Janeiro, \u00e0 \u00e9poca, considerado como um dos maiores centros de trauma naquele munic\u00edpio. Dessa forma, foi poss\u00edvel retornar \u00e0 Fortaleza com dupla forma\u00e7\u00e3o: oncologista, na especialidade de cabe\u00e7a e pesco\u00e7o, e em cirurgia de trauma.<\/p>\n\n\n\n<p>Com uma bagagem de conhecimento que carregava desde a formatura, o desejo de repassar seus conhecimentos aos mais jovens surgiu. Ent\u00e3o, a primeira oportunidade de lecionar surgiu quando ainda era acad\u00eamico de Medicina, em 1973, no Col\u00e9gio Santo In\u00e1cio, onde lecionou Zoologia, al\u00e9m de uma r\u00e1pida passagem pelo Col\u00e9gio das Dorot\u00e9ias, ensinando Biologia Geral. Tempos depois, na pr\u00f3pria UFC, iniciou como volunt\u00e1rio, ministrando aulas na disciplina de bases Gerais da Cirurgia e da Anestesiologia, permanecendo nesta condi\u00e7\u00e3o por cerca de dois anos, sendo ent\u00e3o aprovado em concurso de t\u00edtulos e provas para docente do Curso de Medicina.<\/p>\n\n\n\n<p>Com uma s\u00f3lida trajet\u00f3ria acad\u00eamica, \u00e9 Mestre em Medicina pela Universidade Federal Fluminense (UFF\/RJ) e Doutor em Medicina pela Universidade Estadual Paulista (UNESP\/SP). Al\u00e9m disso, possui especializa\u00e7\u00f5es em Cirurgia de Cabe\u00e7a e Pesco\u00e7o, em Educa\u00e7\u00e3o para as Profiss\u00f5es de Sa\u00fade pelo Programa FAIMER &#8211; UFC (2009), e em Inform\u00e1tica em Sa\u00fade pela UNIFESP (2019).<\/p>\n\n\n\n<p>Atualmente, atua como Professor Associado IV do Departamento de Cirurgia da UFC e \u00e9 coordenador do N\u00facleo de Tecnologias e Educa\u00e7\u00e3o a Dist\u00e2ncia em Sa\u00fade da Faculdade de Medicina da UFC (NUTEDS\/FAMED\/UFC), um dos nove N\u00facleos que implantou a Telessa\u00fade\/telemedicina no pa\u00eds com o Programa telessa\u00fade Brasil Redes 2007).<\/p>\n\n\n\n<p>O Prof. Dr. Luiz Roberto de Oliveira \u00e9 autor do Projeto do Plano Institucional de Inova\u00e7\u00e3o, Pesquisa e Desenvolvimento em Sa\u00fade Digital da UFC, aprovado pela Resolu\u00e7\u00e3o N\u00ba 23\/CONSUNI, de 16 de setembro de 2021, tendo sido nomeado seu primeiro coordenador. No \u00e2mbito nacional, coordena o N\u00facleo T\u00e9cnico Cient\u00edfico do Programa Nacional Telessa\u00fade Brasil Redes e da Universidade Aberta do SUS (UNASUS), do Minist\u00e9rio da Sa\u00fade, e do N\u00facleo da Rede Universit\u00e1ria de Telemedicina (Rede RUTE), do MCTI, no Cear\u00e1. Tamb\u00e9m desempenha um papel de destaque na pesquisa e inova\u00e7\u00e3o em Sa\u00fade Digital, sendo Editor-Chefe da Revista de Sa\u00fade Digital e Tecnologias Educacionais (RESDITE) e autor da proposta de cria\u00e7\u00e3o da Pol\u00edtica Institucional de Inova\u00e7\u00e3o, Pesquisa e Desenvolvimento em Sa\u00fade Digital (PIIPDSD) da UFC, tendo sido nomeado seu primeiro coordenador executivo. \u00c9 autor do projeto da Proposta de Cria\u00e7\u00e3o \u00c1rea de Concentra\u00e7\u00e3o: Tecnologias Digitais da Informa\u00e7\u00e3o e das Comunica\u00e7\u00f5es (TDIC) para Transforma\u00e7\u00e3o Digital na Sa\u00fade, com a Linha de pesquisa Tecnologias Digitais da Informa\u00e7\u00e3o e das Comunica\u00e7\u00f5es (TDIC) aplicadas \u00e0 Inova\u00e7\u00e3o, Pesquisa, Desenvolvimento e Educa\u00e7\u00e3o Emancipat\u00f3rias nas \u00c1reas da Sa\u00fade, no Programa de P\u00f3s-Gradua\u00e7\u00e3o em Ci\u00eancias M\u00e9dico-Cir\u00fargicas (PPGCMC), tendo sido seu criador e primeiro coordenador.<\/p>\n\n\n\n<p>Com uma carreira marcada pela excel\u00eancia acad\u00eamica e inova\u00e7\u00e3o, o Prof. Dr. Luiz Roberto de Oliveira contribuiu e continua contribuindo ativamente para o avan\u00e7o da Medicina, da educa\u00e7\u00e3o e das tecnologias em Sa\u00fade Digital no Brasil.<\/p>\n\n\n\n<p><strong>Servi\u00e7o:<\/strong><\/p>\n\n\n\n<p>Data da solenidade: <strong>25 de abril de 2025<\/strong><\/p>\n\n\n\n<p>Hor\u00e1rio:<strong> 19h<\/strong><\/p>\n\n\n\n<p>Local: <strong>C\u00e2mara Municipal de Fortaleza, no Plen\u00e1rio Fausto Arruda<\/strong><\/p>\n\n\n\n<p>Endere\u00e7o: <strong>Rua Dr. Thompson Bulc\u00e3o, 830 &#8211; Bairro: Luciano Cavalcante<\/strong><\/p>\n\n\n\n<p>O evento ser\u00e1 transmitido ao vivo, pela <strong>TV C\u00e2mara Fortaleza<\/strong>, canal aberto 7.2, e pelo canal no <strong>YouTube<\/strong>: <a href=\"https:\/\/www.youtube.com\/c\/C%C3%A2maraMunicipaldeFortaleza\/streams\">https:\/\/www.youtube.com\/c\/C%C3%A2maraMunicipaldeFortaleza\/streams<\/a><\/p>\n\n\n\n<p><\/p>\n","protected":false},"excerpt":{"rendered":"<p>&hellip;<\/p>\n<p> <a class=\"more-link\" href=\"https:\/\/www.nuteds.ufc.br\/index.php\/2025\/04\/14\/prof-dr-luiz-roberto-de-oliveira-coordenador-do-nuteds-famed-ufc-sera-agraciado-com-a-medalha-dr-periguary-de-medeiros-no-proximo-dia-25-na-camara-municipal-de-fortaleza\/\">Leia mais<\/a><\/p>\n","protected":false},"author":1,"featured_media":0,"comment_status":"open","ping_status":"open","sticky":false,"template":"","format":"standard","meta":{"footnotes":""},"categories":[1],"tags":[],"class_list":{"0":"post-884","1":"post","2":"type-post","3":"status-publish","4":"format-standard","6":"category-sem-categoria"},"_links":{"self":[{"href":"https:\/\/www.nuteds.ufc.br\/index.php\/wp-json\/wp\/v2\/posts\/884","targetHints":{"allow":["GET"]}}],"collection":[{"href":"https:\/\/www.nuteds.ufc.br\/index.php\/wp-json\/wp\/v2\/posts"}],"about":[{"href":"https:\/\/www.nuteds.ufc.br\/index.php\/wp-json\/wp\/v2\/types\/post"}],"author":[{"embeddable":true,"href":"https:\/\/www.nuteds.ufc.br\/index.php\/wp-json\/wp\/v2\/users\/1"}],"replies":[{"embeddable":true,"href":"https:\/\/www.nuteds.ufc.br\/index.php\/wp-json\/wp\/v2\/comments?post=884"}],"version-history":[{"count":1,"href":"https:\/\/www.nuteds.ufc.br\/index.php\/wp-json\/wp\/v2\/posts\/884\/revisions"}],"predecessor-version":[{"id":886,"href":"https:\/\/www.nuteds.ufc.br\/index.php\/wp-json\/wp\/v2\/posts\/884\/revisions\/886"}],"wp:attachment":[{"href":"https:\/\/www.nuteds.ufc.br\/index.php\/wp-json\/wp\/v2\/media?parent=884"}],"wp:term":[{"taxonomy":"category","embeddable":true,"href":"https:\/\/www.nuteds.ufc.br\/index.php\/wp-json\/wp\/v2\/categories?post=884"},{"taxonomy":"post_tag","embeddable":true,"href":"https:\/\/www.nuteds.ufc.br\/index.php\/wp-json\/wp\/v2\/tags?post=884"}],"curies":[{"name":"wp","href":"https:\/\/api.w.org\/{rel}","templated":true}]}}