{"id":888,"date":"2025-04-24T18:54:42","date_gmt":"2025-04-24T21:54:42","guid":{"rendered":"https:\/\/www.nuteds.ufc.br\/?p=888"},"modified":"2025-04-24T18:54:44","modified_gmt":"2025-04-24T21:54:44","slug":"nuteds-retoma-encontros-do-sig-para-discutir-assuntos-ligados-a-educacao-continuada-em-saude-digital","status":"publish","type":"post","link":"https:\/\/www.nuteds.ufc.br\/index.php\/2025\/04\/24\/nuteds-retoma-encontros-do-sig-para-discutir-assuntos-ligados-a-educacao-continuada-em-saude-digital\/","title":{"rendered":"Nuteds retoma encontros do SIG para discutir assuntos ligados \u00e0 educa\u00e7\u00e3o continuada em Sa\u00fade Digital"},"content":{"rendered":"\n<p><\/p>\n\n\n\n<p><em>O primeiro encontro de 2025 foi realizado na manh\u00e3 desta quinta-feira, de forma h\u00edbrida, e contou com a participa\u00e7\u00e3o de mais de 30 pessoas<\/em><\/p>\n\n\n\n<p>Um dos objetivos do N\u00facleo de Tecnologias e Educa\u00e7\u00e3o a Dist\u00e2ncia em Sa\u00fade da Faculdade de Medicina da Universidade Federal do Cear\u00e1 (NUTEDS\/FAMED\/UFC) \u00e9 promover discuss\u00f5es acerca da Sa\u00fade Digital. Para cumprir esse prop\u00f3sito, o Nuteds retoma \u00e0s atividades do Grupo Especial de Interesse (SIG, do ingl\u00eas <em>Special Interest Group<\/em>), sob a coordena\u00e7\u00e3o do Prof. Dr. Luiz Roberto de Oliveira e vice-coordena\u00e7\u00e3o da Profa. Dra. Aurimery Gomes Chermont, da Universidade Federal do Par\u00e1 (UFPA). O primeiro SIG de 2025 contou com a participa\u00e7\u00e3o de 37 pessoas, sendo 30 de forma remota e oito que participaram presencialmente no Audit\u00f3rio Multifuncional do Nuteds. O pr\u00f3ximo encontro est\u00e1 marcado para ocorrer na \u00faltima quinta-feira de maio, dia 29, \u00e0s 10h, via plataforma da Rede Nacional de Ensino e Pesquisa (RNP).&nbsp;<\/p>\n\n\n\n<p>Os SIGs s\u00e3o grupos formados por profissionais da \u00e1rea da sa\u00fade que buscam promover a integra\u00e7\u00e3o e troca de experi\u00eancias entre Unidades e N\u00facleos de Telessa\u00fade, membros da Rede Universit\u00e1ria de Telemedicina (RUTE), um programa da Rede Nacional de Ensino e Pesquisa do Minist\u00e9rio da Ci\u00eancia, Tecnologia e Inova\u00e7\u00e3o (RNP\/MCTI). Em breve o v\u00eddeo estar\u00e1 dispon\u00edvel para visualiza\u00e7\u00e3o no canal do Nuteds UFC, no&nbsp; YouTube.<\/p>\n\n\n\n<p>Durante o evento online, o Prof. Dr. Luiz Roberto apresentou o cronograma do SIG e os objetivos do grupo, al\u00e9m de falar sobre os problemas enfrentados pelos profissionais da \u00e1rea da sa\u00fade a partir das lacunas que ainda existem em rela\u00e7\u00e3o \u00e0 educa\u00e7\u00e3o em sa\u00fade digital, que deve ser permanente e continuada.&nbsp;<\/p>\n\n\n\n<p>Os participantes dessa nova fase do SIG, intitulado \u201cEduca\u00e7\u00e3o continuada e permanente em Sa\u00fade Digital\u201d, pretendem discutir sobre \u00e9tica; educa\u00e7\u00e3o a dist\u00e2ncia para profissionais da sa\u00fade; seguran\u00e7a no uso do prontu\u00e1rio eletr\u00f4nico do paciente; utiliza\u00e7\u00e3o de trilhas no aprendizado em sa\u00fade digital; letramento digital; compet\u00eancias digitais para profissionais de sa\u00fade; integra\u00e7\u00e3o e interoperabilidade entre aplicativos e SIS em gest\u00e3o e pesquisa, dentre outros assuntos.&nbsp;O \u00faltimo encontro da primeira edi\u00e7\u00e3o do SIG, intitulado \u201cEduca\u00e7\u00e3o em Sa\u00fade Digital\u201d, sob a coordena\u00e7\u00e3o do Prof. Dr. Luiz Roberto de Oliveira e vice-coordena\u00e7\u00e3o do Prof. Dr. Renato Sabbatini, que participou durante 6 anos do grupo, e permanece contribuindo com esta nova equipe, foi realizado em 2023. Para conferir os encontros, acesse o portal <a href=\"https:\/\/eduplay.rnp.br\/portal\/video\/187221\">Eduplay, da RNP<\/a> e o <a href=\"https:\/\/www.youtube.com\/channel\/UCkOCE_w993GUSvAwPB-ujTg\">canal do Nuteds, no YouTube<\/a>.<\/p>\n\n\n\n<p><\/p>\n","protected":false},"excerpt":{"rendered":"<p>&hellip;<\/p>\n<p> <a class=\"more-link\" href=\"https:\/\/www.nuteds.ufc.br\/index.php\/2025\/04\/24\/nuteds-retoma-encontros-do-sig-para-discutir-assuntos-ligados-a-educacao-continuada-em-saude-digital\/\">Leia mais<\/a><\/p>\n","protected":false},"author":1,"featured_media":0,"comment_status":"open","ping_status":"open","sticky":false,"template":"","format":"standard","meta":{"footnotes":""},"categories":[1],"tags":[],"class_list":{"0":"post-888","1":"post","2":"type-post","3":"status-publish","4":"format-standard","6":"category-sem-categoria"},"_links":{"self":[{"href":"https:\/\/www.nuteds.ufc.br\/index.php\/wp-json\/wp\/v2\/posts\/888","targetHints":{"allow":["GET"]}}],"collection":[{"href":"https:\/\/www.nuteds.ufc.br\/index.php\/wp-json\/wp\/v2\/posts"}],"about":[{"href":"https:\/\/www.nuteds.ufc.br\/index.php\/wp-json\/wp\/v2\/types\/post"}],"author":[{"embeddable":true,"href":"https:\/\/www.nuteds.ufc.br\/index.php\/wp-json\/wp\/v2\/users\/1"}],"replies":[{"embeddable":true,"href":"https:\/\/www.nuteds.ufc.br\/index.php\/wp-json\/wp\/v2\/comments?post=888"}],"version-history":[{"count":1,"href":"https:\/\/www.nuteds.ufc.br\/index.php\/wp-json\/wp\/v2\/posts\/888\/revisions"}],"predecessor-version":[{"id":889,"href":"https:\/\/www.nuteds.ufc.br\/index.php\/wp-json\/wp\/v2\/posts\/888\/revisions\/889"}],"wp:attachment":[{"href":"https:\/\/www.nuteds.ufc.br\/index.php\/wp-json\/wp\/v2\/media?parent=888"}],"wp:term":[{"taxonomy":"category","embeddable":true,"href":"https:\/\/www.nuteds.ufc.br\/index.php\/wp-json\/wp\/v2\/categories?post=888"},{"taxonomy":"post_tag","embeddable":true,"href":"https:\/\/www.nuteds.ufc.br\/index.php\/wp-json\/wp\/v2\/tags?post=888"}],"curies":[{"name":"wp","href":"https:\/\/api.w.org\/{rel}","templated":true}]}}