{"id":890,"date":"2025-04-28T15:47:39","date_gmt":"2025-04-28T18:47:39","guid":{"rendered":"https:\/\/www.nuteds.ufc.br\/?p=890"},"modified":"2025-05-19T15:57:41","modified_gmt":"2025-05-19T18:57:41","slug":"prof-dr-luiz-roberto-de-oliveira-e-agraciado-com-a-medalha-dr-periguary-de-medeiros-por-trabalho-realizado-na-area-da-saude-digital-e-como-docente-do-curso-de-medicina-da-ufc","status":"publish","type":"post","link":"https:\/\/www.nuteds.ufc.br\/index.php\/2025\/04\/28\/prof-dr-luiz-roberto-de-oliveira-e-agraciado-com-a-medalha-dr-periguary-de-medeiros-por-trabalho-realizado-na-area-da-saude-digital-e-como-docente-do-curso-de-medicina-da-ufc\/","title":{"rendered":"Prof. Dr. Luiz Roberto de Oliveira \u00e9 agraciado com a Medalha Dr. Periguary de Medeiros por trabalho realizado na \u00e1rea da Sa\u00fade Digital e como docente do Curso de Medicina da UFC"},"content":{"rendered":"\n<p><\/p>\n\n\n\n<p><em>A homenagem \u00e9 a mais alta comenda do munic\u00edpio concedida pela CMFor a profissionais da sa\u00fade em reconhecimento ao trabalho relevante \u00e0 popula\u00e7\u00e3o<\/em><\/p>\n\n\n\n<figure class=\"wp-block-image\"><img decoding=\"async\" src=\"https:\/\/lh7-rt.googleusercontent.com\/docsz\/AD_4nXeliPD0mj9d4EqJFrYdvwEZn-ymlVS1DyVKi4buJPGrK2fy32oqyoxIymk4t35DhRXZilr_nEQwB4N4m8LeEjzgSGPFmcscP51qo8tRzn2ajIJXj69zsdCyRGK7S3WvBdHKhNN4?key=-RWGvpGlR7k1aTpeNy4oHA\" alt=\"\"\/><\/figure>\n\n\n\n<p><em>Composi\u00e7\u00e3o da mesa de autoridades (Foto: Andr\u00e9 Lima\/CMFor)<\/em><\/p>\n\n\n\n<p>A Sess\u00e3o Solene para a entrega da Medalha Dr. Periguary de Medeiros ao Prof. Dr. Luiz Roberto de Oliveira foi realizada na noite da \u00faltima sexta-feira, dia 25 de abril, no Plen\u00e1rio Fausto Arruda da C\u00e2mara Municipal de Fortaleza (CMFor). A outorga foi proposta pelo vereador Paulo Martins, que presidiu a sess\u00e3o, e&nbsp;pela Casa Legislativa, presidida pelo vereador L\u00e9o Couto, por reconhecer o trabalho do m\u00e9dico-cirurgi\u00e3o de cabe\u00e7a e pesco\u00e7o, professor do Curso de Medicina da Universidade Federal do Cear\u00e1 (UFC)&nbsp; e umas das pessoas que colaborou para a implanta\u00e7\u00e3o da Telessa\u00fade e Telemedicina no Brasil.&nbsp;<\/p>\n\n\n\n<figure class=\"wp-block-image\"><img decoding=\"async\" src=\"https:\/\/lh7-rt.googleusercontent.com\/docsz\/AD_4nXe_eZfyPpg_DhY_v5iJNbK6TuxmhcjqnyHf_x9cn7Rlp8nw2AMZeG_76df4nMx79EbtznYkZ3MlnokDyLKxOo6X27DYtK8JUU0eitCMrF0gPC1mW5mkefjrws2Z1UGZgnD5EYRY?key=-RWGvpGlR7k1aTpeNy4oHA\" alt=\"\"\/><\/figure>\n\n\n\n<p><em>Prof. Dr. Luiz Roberto de Oliveira discursa para os convidados (Foto: Andr\u00e9 Lima\/CMFor)<\/em><\/p>\n\n\n\n<p>De acordo com o homenageado, a Telemedicina foi um servi\u00e7o fundamental no per\u00edodo da pandemia da covid-19. \u201cN\u00e3o \u00e9 que antes n\u00e3o fosse, mas naquele momento, ficou evidente que n\u00e3o se podia mais impedir pacientes de acessar um servi\u00e7o que beneficia n\u00e3o apenas a ele, mas tamb\u00e9m ao m\u00e9dico que o est\u00e1 atendendo, inclusive, com a possibilidade desse profissional consultar um colega especialista que esteja em outro estado, facilitando o diagn\u00f3stico da doen\u00e7a\u201d, explica. \u201cPara mim \u00e9 uma felicidade poder contribuir nessa \u00e1rea\u201d, complementa.&nbsp;<\/p>\n\n\n\n<figure class=\"wp-block-image\"><img decoding=\"async\" src=\"https:\/\/lh7-rt.googleusercontent.com\/docsz\/AD_4nXd1kurZXX4IIswCNZzUqG57oIm42pj3DtAYNz6RXTmGh9qw1Az3yA6Scyabo1jHDOWkxsgPO42s7-sY5lRpvHUYYbvbj-HQUf9iqOTd-qOT7xrKfm8_njtjKFHtA1zgGnmzKm4q5w?key=-RWGvpGlR7k1aTpeNy4oHA\" alt=\"\"\/><\/figure>\n\n\n\n<p>Vereador Paulo Martins fala do importante servi\u00e7o prestado pelo homenageado&nbsp;<em>(Foto: Andr\u00e9 Lima\/CMFor)<\/em><\/p>\n\n\n\n<p>O vereador Paulo Martins, durante a sua fala, enfatizou a import\u00e2ncia do trabalho desenvolvido pelo Prof. Dr. Luiz Roberto de Oliveira \u00e0 frente do Nuteds. \u201cFilho de m\u00e9dicos, sei muito bem da import\u00e2ncia que a forma\u00e7\u00e3o tem na vida de quem escolheu cuidar das pessoas. \u00c9 por isso que admiro ainda o trabalho do Prof. Luiz Roberto, porque ele entende que o saber n\u00e3o pode parar nele; ele [o saber] precisa ser compartilhado, multiplicado e levado para os lugares mais distantes\u201d, afirmou. Ele relembrou a visita que fez aos espa\u00e7os do N\u00facleo, em julho do ano passado, juntamente com&nbsp; Djacy Rodrigues, mais conhecido como Djacy das Comunidades, que tamb\u00e9m conhece a realidade da sa\u00fade municipal, j\u00e1 que trabalha no translado de pacientes ao Instituto Dr. Jos\u00e9 Frota (IJF). Na oportunidade, o vereador e seus assessores conheceram a estrutura do Centro Cl\u00ednico de Telessa\u00fade do Nuteds, que estar\u00e1 em funcionamento ainda este ano. O objetivo do Centro \u00e9 viabilizar teleconsultas, teleinterconsultas e teleorienta\u00e7\u00e3o e telediagn\u00f3sticos em cinco \u00e1reas: Pediatria, Reumatologia, Cuidados Paliativos, Geriatria e Cardiologia. O servi\u00e7o ser\u00e1 ofertado para todo o Cear\u00e1. Atualmente, o Nuteds presta servi\u00e7o de suporte t\u00e9cnico para os profissionais da sa\u00fade de 52 munic\u00edpios cearenses, que enviam as solicita\u00e7\u00f5es de diagn\u00f3sticos cardiol\u00f3gicos para o N\u00facleo de Telessa\u00fade de Minas Gerais.<\/p>\n\n\n\n<p>O evento contou com a presen\u00e7a da fam\u00edlia, de amigos, de colaboradores do N\u00facleo de Tecnologias e Educa\u00e7\u00e3o a Dist\u00e2ncia em Sa\u00fade da Faculdade de Medicina da UFC (NUTEDS\/FAMED\/UFC), do qual o homenageado \u00e9 coordenador desde a cria\u00e7\u00e3o, em 2010, e de autoridades da Universidade. Conforme foto em destaque, da esquerda para a direita: Prof. Dr. Sulivan Mota, presidente do Instituto Primeira Inf\u00e2ncia (IPREDE), uma das maiores iniciativas de extens\u00e3o da UFC; Prof. Dr. Luiz Roberto de Oliveira; vereador Paulo Martins, requerente da outorga concedida ao m\u00e9dico; Prof. Rodrigo R\u00eago, pr\u00f3-reitor adjunto de Inova\u00e7\u00e3o e Rela\u00e7\u00f5es Interinstitucionais (PROINTER\/UFC), representando o Magn\u00edfico Reitor da UFC, Prof. Cust\u00f3dio Almeida; e Prof. Dr. Jo\u00e3o Macedo, diretor da Faculdade de Medicina (FAMED\/UFC). <\/p>\n\n\n\n<figure class=\"wp-block-image\"><img decoding=\"async\" src=\"https:\/\/lh7-rt.googleusercontent.com\/docsz\/AD_4nXdiTITIhz0tK6x9XKULpKVI4EQqFRtnKnk9sCQkvmw4IRSQo-VAj7CX5yB6O7oHWpnwcKLRErswoB7YClAr__nS7vhDpgbeoGCpJ0JxpHpJaNhmbQFdkSPvjAdCOFLd8QnLSVFHoA?key=-RWGvpGlR7k1aTpeNy4oHA\" alt=\"\"\/><\/figure>\n\n\n\n<p><em>Ao centro, o homenageado, ao lado do vereador Paulo Martins e da esposa Dra. Ana Paula Martins, al\u00e9m das duas filhas, Raquel Cavalcante de Oliveira (de verde) e Deborah Salom\u00e3o Guarines (de azul-marinho), seus netos, netas e genros<\/em>\u00a0<em>(Foto: Andr\u00e9 Lima\/CMFor)<\/em><\/p>\n\n\n\n<p>Dentre outras a\u00e7\u00f5es promovidas pelo homenageado, o Prof. Dr. Luiz Roberto de Oliveira, podemos citar a atua\u00e7\u00e3o como coordenador do Nuteds\/Famed\/UFC e autoria de importantes projetos na Institui\u00e7\u00e3o, a exemplos do Plano Institucional de Inova\u00e7\u00e3o, Pesquisa e Desenvolvimento em Sa\u00fade Digital (PIIPDSD) da UFC, aprovado pela\u00a0<a href=\"https:\/\/www.ufc.br\/images\/_files\/a_universidade\/consuni\/resolucao_consuni_2021\/resolucao23_consuni_2021.pdf\" target=\"_blank\" rel=\"noreferrer noopener\">Resolu\u00e7\u00e3o N\u00ba 23\/CONSUNI, de 16 de setembro de 2021,<\/a>\u00a0e do projeto da proposta para cria\u00e7\u00e3o da \u00c1rea de Concentra\u00e7\u00e3o III \u201cTecnologias Digitais da Informa\u00e7\u00e3o e das Comunica\u00e7\u00f5es (TDIC) para Transforma\u00e7\u00e3o Digital na Sa\u00fade\u201d, com a linha de pesquisa \u201cTecnologias Digitais da Informa\u00e7\u00e3o e das Comunica\u00e7\u00f5es (TDIC) Aplicadas \u00e0 Inova\u00e7\u00e3o, Pesquisa, Desenvolvimento e Educa\u00e7\u00e3o Emancipat\u00f3rias nas \u00c1reas da Sa\u00fade\u201d, implantada em 2024 no\u00a0<a href=\"https:\/\/ppgcmc.ufc.br\/pt\/area-de-concentracao-e-linhas-de-pesquisa\/\" target=\"_blank\" rel=\"noreferrer noopener\">Programa de P\u00f3s-Gradua\u00e7\u00e3o em Ci\u00eancias M\u00e9dico-Cir\u00fargicas (PPGCMC)<\/a>, tendo sido o primeiro coordenador de ambos os projetos e criador do PPGCMC, o terceiro programa de mestrado e doutorado existente no Nordeste em ci\u00eancias m\u00e9dico-cir\u00fargicas. O docente \u00e9 tamb\u00e9m o proponente do projeto que inclui a disciplina de Sa\u00fade Digital no Curso de Medicina da Famed\/UFC, que agora deixou de ser optativa para ser obrigat\u00f3ria.\u00a0<\/p>\n\n\n\n<figure class=\"wp-block-image\"><img decoding=\"async\" src=\"https:\/\/lh7-rt.googleusercontent.com\/docsz\/AD_4nXeT8tO_OVJFJVN2eeGF6VU2MTf_ryhTfKvpCELtC0zf9Y_sWamoOZ8fzF17_Y-SMwqb2KXTmZpxypHziHea1oIs-fqyi8XGpdRG24P8uLGICxlAbdXfRYKcq_FI8xxE1xUMnFgA?key=-RWGvpGlR7k1aTpeNy4oHA\" alt=\"\"\/><\/figure>\n\n\n\n<p><em>Homenageado com amigos e profissionais do Nuteds\/Famed\/UFC<\/em>&nbsp;<em>(Foto: Nuteds\/Famed\/UFC)<\/em>&nbsp;<\/p>\n\n\n\n<p><em>Fonte: Ana L\u00facia do Nascimento, assessora de Comunica\u00e7\u00e3o do Nuteds\/Famed\/UFC \u2013 fone: (85) 3366 8055<\/em><\/p>\n\n\n\n<p><\/p>\n","protected":false},"excerpt":{"rendered":"<p>&hellip;<\/p>\n<p> <a class=\"more-link\" href=\"https:\/\/www.nuteds.ufc.br\/index.php\/2025\/04\/28\/prof-dr-luiz-roberto-de-oliveira-e-agraciado-com-a-medalha-dr-periguary-de-medeiros-por-trabalho-realizado-na-area-da-saude-digital-e-como-docente-do-curso-de-medicina-da-ufc\/\">Leia mais<\/a><\/p>\n","protected":false},"author":1,"featured_media":0,"comment_status":"open","ping_status":"open","sticky":false,"template":"","format":"standard","meta":{"footnotes":""},"categories":[3],"tags":[],"class_list":{"0":"post-890","1":"post","2":"type-post","3":"status-publish","4":"format-standard","6":"category-noticias"},"_links":{"self":[{"href":"https:\/\/www.nuteds.ufc.br\/index.php\/wp-json\/wp\/v2\/posts\/890","targetHints":{"allow":["GET"]}}],"collection":[{"href":"https:\/\/www.nuteds.ufc.br\/index.php\/wp-json\/wp\/v2\/posts"}],"about":[{"href":"https:\/\/www.nuteds.ufc.br\/index.php\/wp-json\/wp\/v2\/types\/post"}],"author":[{"embeddable":true,"href":"https:\/\/www.nuteds.ufc.br\/index.php\/wp-json\/wp\/v2\/users\/1"}],"replies":[{"embeddable":true,"href":"https:\/\/www.nuteds.ufc.br\/index.php\/wp-json\/wp\/v2\/comments?post=890"}],"version-history":[{"count":5,"href":"https:\/\/www.nuteds.ufc.br\/index.php\/wp-json\/wp\/v2\/posts\/890\/revisions"}],"predecessor-version":[{"id":898,"href":"https:\/\/www.nuteds.ufc.br\/index.php\/wp-json\/wp\/v2\/posts\/890\/revisions\/898"}],"wp:attachment":[{"href":"https:\/\/www.nuteds.ufc.br\/index.php\/wp-json\/wp\/v2\/media?parent=890"}],"wp:term":[{"taxonomy":"category","embeddable":true,"href":"https:\/\/www.nuteds.ufc.br\/index.php\/wp-json\/wp\/v2\/categories?post=890"},{"taxonomy":"post_tag","embeddable":true,"href":"https:\/\/www.nuteds.ufc.br\/index.php\/wp-json\/wp\/v2\/tags?post=890"}],"curies":[{"name":"wp","href":"https:\/\/api.w.org\/{rel}","templated":true}]}}