{"id":908,"date":"2025-06-02T18:35:54","date_gmt":"2025-06-02T21:35:54","guid":{"rendered":"https:\/\/www.nuteds.ufc.br\/?p=908"},"modified":"2025-06-03T15:09:45","modified_gmt":"2025-06-03T18:09:45","slug":"radio-nuteds-lanca-nesta-terca-feira-3-o-podcast-alem-do-diagnostico-com-apresentacao-do-professor-renato-evando","status":"publish","type":"post","link":"https:\/\/www.nuteds.ufc.br\/index.php\/2025\/06\/02\/radio-nuteds-lanca-nesta-terca-feira-3-o-podcast-alem-do-diagnostico-com-apresentacao-do-professor-renato-evando\/","title":{"rendered":"R\u00e1dio Nuteds lan\u00e7a, nesta ter\u00e7a-feira (3), o podcast \u201cAl\u00e9m do diagn\u00f3stico\u201d, com apresenta\u00e7\u00e3o do professor Renato Evando"},"content":{"rendered":"\n<p><em>O programa ser\u00e1 exibido semanalmente, \u00e0s 17h, na R\u00e1dio Nuteds. Para conferir, basta acessar o site nuteds.ufc.br na hora marcada<\/em><\/p>\n\n\n\n<p>Com o intuito de difundir e discutir temas relevantes sobre \u00e9tica e direito na Sa\u00fade, o N\u00facleo de Tecnologias e Educa\u00e7\u00e3o a Dist\u00e2ncia em Sa\u00fade da Faculdade de Medicina da Universidade Federal do Cear\u00e1 (Nuteds\/Famed\/UFC) lan\u00e7a, nesta ter\u00e7a-feira (3), \u00e0s 17h, em sua web r\u00e1dio, o podcast \u201cAl\u00e9m do diagn\u00f3stico: desafios na \u00c9tica e no Direito M\u00e9dico\u201d. Os epis\u00f3dios ser\u00e3o veiculados semanalmente, sempre \u00e0s ter\u00e7as-feiras.&nbsp;&nbsp;<\/p>\n\n\n\n<p>De acordo com o professor, m\u00e9dico e advogado Renato Evando Moreira Filho, especialista em Medicina Legal e Per\u00edcia M\u00e9dica, do Departamento de Patologia e Medicina Legal da Famed\/UFC, o objetivo do projeto \u00e9 fomentar temas que conduzam a debates acess\u00edveis a estudantes, m\u00e9dicos, advogados e \u00e0 sociedade em geral, promovendo uma reflex\u00e3o cr\u00edtica sobre os desafios \u00e9ticos e jur\u00eddicos no exerc\u00edcio da Medicina. \u201cA bio\u00e9tica, o direito \u00e0 informa\u00e7\u00e3o, os dilemas do consentimento informado, a confidencialidade do paciente, a responsabilidade civil e a atua\u00e7\u00e3o \u00e9tica do m\u00e9dico s\u00e3o apenas alguns dos temas que surgem no cotidiano dos profissionais e que, n\u00e3o raro, geram complexidade nas decis\u00f5es a serem tomadas\u201d, afirma o m\u00e9dico.\u00a0<\/p>\n\n\n\n<p>As Ci\u00eancias M\u00e9dicas, ao longo de sua hist\u00f3ria, entrela\u00e7aram-se de forma crescente com temas \u00e9ticos e jur\u00eddicos que afetam diretamente a pr\u00e1tica m\u00e9dica. Para o professor Luiz Roberto de Oliveira, coordenador do N\u00facleo e diretor da R\u00e1dio Nuteds, \u00e9 neste contexto que surge a necessidade de um espa\u00e7o onde seja poss\u00edvel discutir assuntos de interesse de estudantes de Medicina, profissionais da \u00e1rea da Sa\u00fade e demais interessados nos temas que ser\u00e3o abordados no podcast. \u201cOs temas que o professor Renato Evando trar\u00e1, em cada epis\u00f3dio, como sigilo profissional, rela\u00e7\u00e3o m\u00e9dico-paciente, \u00e9tica em pesquisa, documentos m\u00e9dicos, responsabilidades jur\u00eddicas e \u00e9tica do m\u00e9dico, por exemplo, s\u00e3o assuntos importantes e que precisam ser do conhecimento dos profissionais da Sa\u00fade e do Direito M\u00e9dico\u201d, afirma o coordenador.<\/p>\n\n\n\n<p>O primeiro epis\u00f3dio vai abordar temas centrais na forma\u00e7\u00e3o do profissional, compreendendo o que \u00e9 \u00c9tica, no contexto da Medicina, e como ela se conecta no Direito M\u00e9dico.&nbsp;<\/p>\n\n\n\n<p>Para ouvir o podcast, basta acessar o site <a href=\"http:\/\/nuteds.ufc.br\">nuteds.ufc.br<\/a> e clicar na R\u00e1dio Nuteds ou pelos canais do YouTube (<a href=\"https:\/\/www.youtube.com\/channel\/UCkOCE_w993GUSvAwPB-ujTg\">NUTEDS &#8211; UFC<\/a>) e do Spotify (<a href=\"https:\/\/open.spotify.com\/show\/20nMzO582DHMAkS7hyXKxd?si=29bf65ccae2e4155&amp;nd=1&amp;dlsi=7e434f316d2a4882\">Podcasts do Nuteds<\/a>).\u00a0Os epis\u00f3dios estar\u00e3o dispon\u00edveis nas plataformas \u00e0s 8h do dia seguinte \u00e0 veicula\u00e7\u00e3o na web r\u00e1dio do Nuteds.<\/p>\n","protected":false},"excerpt":{"rendered":"<p>&hellip;<\/p>\n<p> <a class=\"more-link\" href=\"https:\/\/www.nuteds.ufc.br\/index.php\/2025\/06\/02\/radio-nuteds-lanca-nesta-terca-feira-3-o-podcast-alem-do-diagnostico-com-apresentacao-do-professor-renato-evando\/\">Leia mais<\/a><\/p>\n","protected":false},"author":1,"featured_media":0,"comment_status":"open","ping_status":"open","sticky":false,"template":"","format":"standard","meta":{"footnotes":""},"categories":[1],"tags":[],"class_list":{"0":"post-908","1":"post","2":"type-post","3":"status-publish","4":"format-standard","6":"category-sem-categoria"},"_links":{"self":[{"href":"https:\/\/www.nuteds.ufc.br\/index.php\/wp-json\/wp\/v2\/posts\/908","targetHints":{"allow":["GET"]}}],"collection":[{"href":"https:\/\/www.nuteds.ufc.br\/index.php\/wp-json\/wp\/v2\/posts"}],"about":[{"href":"https:\/\/www.nuteds.ufc.br\/index.php\/wp-json\/wp\/v2\/types\/post"}],"author":[{"embeddable":true,"href":"https:\/\/www.nuteds.ufc.br\/index.php\/wp-json\/wp\/v2\/users\/1"}],"replies":[{"embeddable":true,"href":"https:\/\/www.nuteds.ufc.br\/index.php\/wp-json\/wp\/v2\/comments?post=908"}],"version-history":[{"count":2,"href":"https:\/\/www.nuteds.ufc.br\/index.php\/wp-json\/wp\/v2\/posts\/908\/revisions"}],"predecessor-version":[{"id":918,"href":"https:\/\/www.nuteds.ufc.br\/index.php\/wp-json\/wp\/v2\/posts\/908\/revisions\/918"}],"wp:attachment":[{"href":"https:\/\/www.nuteds.ufc.br\/index.php\/wp-json\/wp\/v2\/media?parent=908"}],"wp:term":[{"taxonomy":"category","embeddable":true,"href":"https:\/\/www.nuteds.ufc.br\/index.php\/wp-json\/wp\/v2\/categories?post=908"},{"taxonomy":"post_tag","embeddable":true,"href":"https:\/\/www.nuteds.ufc.br\/index.php\/wp-json\/wp\/v2\/tags?post=908"}],"curies":[{"name":"wp","href":"https:\/\/api.w.org\/{rel}","templated":true}]}}