{"id":925,"date":"2025-06-10T18:47:04","date_gmt":"2025-06-10T21:47:04","guid":{"rendered":"https:\/\/www.nuteds.ufc.br\/?p=925"},"modified":"2025-06-10T18:47:04","modified_gmt":"2025-06-10T21:47:04","slug":"nuteds-divulga-videos-de-homenagem-aos-10-anos-de-falecimento-do-oncologista-e-professor-ronaldo-ribeiro","status":"publish","type":"post","link":"https:\/\/www.nuteds.ufc.br\/index.php\/2025\/06\/10\/nuteds-divulga-videos-de-homenagem-aos-10-anos-de-falecimento-do-oncologista-e-professor-ronaldo-ribeiro\/","title":{"rendered":"Nuteds divulga v\u00eddeos de homenagem aos 10 anos de falecimento do oncologista e professor Ronaldo Ribeiro"},"content":{"rendered":"\n<p><em>O evento foi organizado pelos profissionais da P\u00f3s-Gradua\u00e7\u00e3o em Farmacologia e em Ci\u00eancias M\u00e9dicas da Famed\/UFC<\/em><\/p>\n\n\n\n<p>O N\u00facleo de Tecnologias e Educa\u00e7\u00e3o a Dist\u00e2ncia em Sa\u00fade da Faculdade de Medicina da Universidade Federal do Cear\u00e1 (Nuteds\/Famed\/UFC) divulga dois v\u00eddeos no canal do YouTube, relacionados \u00e0 homenagem em alus\u00e3o aos 10 anos de falecimento do professor e oncologista Ronaldo Ribeiro. O primeiro \u00e9 o registro da homenagem; o segundo s\u00e3o depoimentos dos amigos, colegas e participantes do evento, que foi realizado no dia 9 de maio, pela P\u00f3s-Gradua\u00e7\u00e3o em Farmacologia e em Ci\u00eancias M\u00e9dicas da Famed\/UFC, no audit\u00f3rio do bloco did\u00e1tico que leva o nome do homenageado.&nbsp;<\/p>\n\n\n\n<p>De acordo com o professor da Famed, Arm\u00eanio Aguiar, \u201cAinda estou aqui\u201d, t\u00edtulo do evento, n\u00e3o \u00e9 um pl\u00e1gio ao filme nacional, mas \u00e9 um t\u00edtulo adequado ao sentimento de presen\u00e7a e legado do m\u00e9dico. \u201cPrimeiro pelo fato de ele, ainda hoje, ser um dos docentes da UFC com o maior n\u00famero de cita\u00e7\u00f5es bibliogr\u00e1ficas na literatura biom\u00e9dica, e segundo, pois, ao inv\u00e9s desse evento ser um mero culto \u00e0s cinzas, o nosso prop\u00f3sito \u00e9 o de transmitir, entre gera\u00e7\u00f5es, fogo, ou se preferir, valores e atitudes\u201d, afirmou o professor. Ele explicou que foi incans\u00e1vel a atitude do professor em elevar a pesquisa biom\u00e9dica do Porangabu\u00e7u, sendo crucial na consolida\u00e7\u00e3o do aprimoramento da oncologia no estado do Cear\u00e1.<\/p>\n\n\n\n<p>Dentre as autoridades, estiveram presentes o reitor da UFC, professor Cust\u00f3dio Almeida e o diretor da Famed, professor Jo\u00e3o Macedo, al\u00e9m dos promotores do evento.&nbsp;<\/p>\n\n\n\n<p>O evento contou ainda com palestras da professora Let\u00edcia Lotufo (professora titular de Farmacologia ICB &#8211; USP) e do m\u00e9dico Romualdo Barroso, oncologista da Rede Am\u00e9ricas e Diretor da Sociedade Brasileira de Oncologia Cl\u00ednica.&nbsp;<\/p>\n\n\n\n<p>Para conferir os dois v\u00eddeos, clique nos links.<\/p>\n\n\n\n<p><a href=\"https:\/\/www.youtube.com\/watch?v=iN1VTFjKSRo\">V\u00eddeo do evento completo da homenagem ao professor e m\u00e9dico Ronaldo Ribeiro<\/a><\/p>\n\n\n\n<p><a href=\"https:\/\/www.youtube.com\/watch?v=Z39KyNeTckw\">V\u00eddeo dos depoimentos dos participantes do evento<\/a><\/p>\n","protected":false},"excerpt":{"rendered":"<p>&hellip;<\/p>\n<p> <a class=\"more-link\" href=\"https:\/\/www.nuteds.ufc.br\/index.php\/2025\/06\/10\/nuteds-divulga-videos-de-homenagem-aos-10-anos-de-falecimento-do-oncologista-e-professor-ronaldo-ribeiro\/\">Leia mais<\/a><\/p>\n","protected":false},"author":1,"featured_media":0,"comment_status":"open","ping_status":"open","sticky":false,"template":"","format":"standard","meta":{"footnotes":""},"categories":[1],"tags":[],"class_list":{"0":"post-925","1":"post","2":"type-post","3":"status-publish","4":"format-standard","6":"category-sem-categoria"},"_links":{"self":[{"href":"https:\/\/www.nuteds.ufc.br\/index.php\/wp-json\/wp\/v2\/posts\/925","targetHints":{"allow":["GET"]}}],"collection":[{"href":"https:\/\/www.nuteds.ufc.br\/index.php\/wp-json\/wp\/v2\/posts"}],"about":[{"href":"https:\/\/www.nuteds.ufc.br\/index.php\/wp-json\/wp\/v2\/types\/post"}],"author":[{"embeddable":true,"href":"https:\/\/www.nuteds.ufc.br\/index.php\/wp-json\/wp\/v2\/users\/1"}],"replies":[{"embeddable":true,"href":"https:\/\/www.nuteds.ufc.br\/index.php\/wp-json\/wp\/v2\/comments?post=925"}],"version-history":[{"count":1,"href":"https:\/\/www.nuteds.ufc.br\/index.php\/wp-json\/wp\/v2\/posts\/925\/revisions"}],"predecessor-version":[{"id":926,"href":"https:\/\/www.nuteds.ufc.br\/index.php\/wp-json\/wp\/v2\/posts\/925\/revisions\/926"}],"wp:attachment":[{"href":"https:\/\/www.nuteds.ufc.br\/index.php\/wp-json\/wp\/v2\/media?parent=925"}],"wp:term":[{"taxonomy":"category","embeddable":true,"href":"https:\/\/www.nuteds.ufc.br\/index.php\/wp-json\/wp\/v2\/categories?post=925"},{"taxonomy":"post_tag","embeddable":true,"href":"https:\/\/www.nuteds.ufc.br\/index.php\/wp-json\/wp\/v2\/tags?post=925"}],"curies":[{"name":"wp","href":"https:\/\/api.w.org\/{rel}","templated":true}]}}